{"id":985,"date":"2021-05-01T22:10:21","date_gmt":"2021-05-02T03:10:21","guid":{"rendered":"https:\/\/vertice.grupopiramide.com.mx\/?p=985"},"modified":"2021-05-01T22:10:21","modified_gmt":"2021-05-02T03:10:21","slug":"traduccion-de-pensando-en-paul-celan-de-levertov-por-sinae-dasein","status":"publish","type":"post","link":"https:\/\/grupopiramide.com.mx\/vertice\/literatura\/poesia\/traduccion-de-pensando-en-paul-celan-de-levertov-por-sinae-dasein\/","title":{"rendered":"Traducci\u00f3n |  Pensando en Paul Celan, de Denise Levertov [versi\u00f3n Sinae Dasein]"},"content":{"rendered":"<p>&nbsp;<\/p>\n<p><a href=\"https:\/\/grupopiramide.com.mx\/vertice\/wp-content\/uploads\/2021\/05\/levertov.jpg\"><img loading=\"lazy\" decoding=\"async\" class=\"aligncenter  wp-image-987\" src=\"https:\/\/grupopiramide.com.mx\/vertice\/wp-content\/uploads\/2021\/05\/levertov.jpg\" alt=\"Celan\" width=\"599\" height=\"399\" srcset=\"https:\/\/grupopiramide.com.mx\/vertice\/wp-content\/uploads\/2021\/05\/levertov.jpg 700w, https:\/\/grupopiramide.com.mx\/vertice\/wp-content\/uploads\/2021\/05\/levertov-600x399.jpg 600w\" sizes=\"auto, (max-width: 599px) 100vw, 599px\" \/><\/a><\/p>\n<p>&nbsp;<\/p>\n<p>Este poema, este <em>pensar a<\/em>, de <strong>Denise Levertov<\/strong>, es el claro ejemplo de c\u00f3mo ejercen la lectura algunos poetas, lectores, fil\u00f3sofos y eruditos (como <strong>George Steiner)<\/strong>, de <strong>la obra de Paul Celan<\/strong>. Si el poeta critic\u00f3 de una forma muy dura la posici\u00f3n conciliadora de Nelly Sachs, fue precisamente por la misma <strong>actitud <em>po\u00e9tica\u00a0<\/em><\/strong>que Levertov despliega en este \u201chomenaje, en esta sacralizaci\u00f3n del dolor (la elevaci\u00f3n de la figura de Celan, haciendo de \u00e9l una especie de cristo redentor) que es bastante problem\u00e1tica si tenemos en cuenta que, \u00e9l siempre se expres\u00f3 de manera subversiva sobre las implicaciones de la religi\u00f3n en el asesinato de los jud\u00edos de Europa. <strong>Nelly Sachs<\/strong> cre\u00eda firmemente que s\u00f3lo el perd\u00f3n a los perpetradores pod\u00eda restablecer el v\u00ednculo entre <strong>la cultura alemana y jud\u00eda<\/strong>; para Celan, esto era impensable, \u00e9l ve\u00eda que estos discursos intentaban silenciar su poes\u00eda: s\u00f3lo mostrando los elementos que generaron tal violencia, la relaci\u00f3n entre religi\u00f3n y nazismo, pod\u00eda evitar una segunda muerte &#8211;debido al perd\u00f3n-olvido (una amnist\u00eda)&#8211; o los discursos negacionistas, tan en boga en los a\u00f1os 60, de la mano de Ernst Nolte (por cierto, <strong>disc\u00edpulo de Heidegger<\/strong>).<\/p>\n<p>El poema de Levertov cita y\/o distorsiona algunos elementos del poema <strong><em>Tenebrae<\/em><\/strong>, de <strong><em>Rejas del lenguaje<\/em><\/strong>. En la \u00faltima estrofa, se suplica al poeta que rece por ellos, <em>que al menos les sea dado \/\/ una mancha azul \/, <\/em>una llaga, un estigma, como prueba de su doloroso calvario.<\/p>\n<p>En T<em>enebrae<\/em>, los muertos exhortan al <em><strong>Se\u00f1or<\/strong>\u00a0<\/em>que rece por\/para ellos, (y con una gran mordacidad) mientras sus cuerpos yacen amontonados dentro de las c\u00e1maras de gas, <em>como si \/ cada uno de nuestros cuerpos fuera \/ tu cuerpo, Se\u00f1or<\/em>. \u00bfC\u00f3mo habr\u00e1 le\u00eddo esto Levertov?<\/p>\n<p>&nbsp;<\/p>\n<p style=\"text-align: right;\"><em>-Sinae Dasein, nota de traductor.\u00a0<\/em><\/p>\n<p>&nbsp;<\/p>\n<p><em>\u00a0<\/em><\/p>\n<p><strong><em>THINKING ABOUT PAUL CELAN (DENISE LEVERTOV)<\/em><\/strong><\/p>\n<p><em>\u00a0<\/em><\/p>\n<p><em>Saint Celan,<\/em><\/p>\n<p><em>stretched on the cross<\/em><\/p>\n<p><em>of survival,<\/em><\/p>\n<p><em>\u00a0<\/em><\/p>\n<p><em>pray for us. You<\/em><\/p>\n<p><em>at last could endure<\/em><\/p>\n<p><em>no more. But we<\/em><\/p>\n<p><em>\u00a0<\/em><\/p>\n<p><em>live and live,<\/em><\/p>\n<p><em>blithe in a world<\/em><\/p>\n<p><em>where children kill children.<\/em><\/p>\n<p><em>\u00a0<\/em><\/p>\n<p><em>We shake off<\/em><\/p>\n<p><em>the weight of <\/em><\/p>\n<p><em>our own exemption,<\/em><\/p>\n<p><em>\u00a0<\/em><\/p>\n<p><em>we flourish,<\/em><\/p>\n<p><em>we exceed<\/em><\/p>\n<p><em>our alloted days.<\/em><\/p>\n<p><em>\u00a0<\/em><\/p>\n<p><em>Saint Celan,<\/em><\/p>\n<p><em>pray for us<\/em><\/p>\n<p><em>that we receive<\/em><\/p>\n<p><em>\u00a0<\/em><\/p>\n<p><em>at least a bruise,<\/em><\/p>\n<p><em>blue, blue, unfading,<\/em><\/p>\n<p><em>we who accept survival.<\/em><\/p>\n<p>&nbsp;<\/p>\n<p>&nbsp;<\/p>\n<p>&nbsp;<\/p>\n<p>&nbsp;<\/p>\n<p><strong>PENSANDO EN PAUL CELAN<\/strong><\/p>\n<p>&nbsp;<\/p>\n<p style=\"text-align: center;\"><em>Traducci\u00f3n de Sinae Dasein<\/em><\/p>\n<p>&nbsp;<\/p>\n<p>&nbsp;<\/p>\n<p>Celan, santificado<\/p>\n<p>y extendido sobre la cruz<\/p>\n<p>de la supervivencia,<\/p>\n<p>&nbsp;<\/p>\n<p>reza por nosotros. T\u00fa<\/p>\n<p>que no pudiste soportar<\/p>\n<p>hasta el final. Pero nosotros<\/p>\n<p>&nbsp;<\/p>\n<p>vivimos y vivimos<\/p>\n<p>ciegos y livianos en un mundo<\/p>\n<p>en el que ni\u00f1os matan ni\u00f1os.<\/p>\n<p>&nbsp;<\/p>\n<p>Nos despojamos<\/p>\n<p>del peso<\/p>\n<p>de nuestra propia absoluci\u00f3n,<\/p>\n<p>&nbsp;<\/p>\n<p>prosperamos,<\/p>\n<p>excedimos<\/p>\n<p>los d\u00edas que nos fueron asignados.<\/p>\n<p>&nbsp;<\/p>\n<p>Santificado seas, Celan,<\/p>\n<p>t\u00fa, que rezas por nosotros:<\/p>\n<p>que nos sea dado<\/p>\n<p>&nbsp;<\/p>\n<p>al menos una mancha<\/p>\n<p>azul, azul y perdurable,<\/p>\n<p>nosotros que aceptamos sobrevivir.<\/p>\n<p>&nbsp;<\/p>\n<p>&nbsp;<\/p>\n<p>&nbsp;<\/p>\n<p><strong>Tambi\u00e9n te puede interesar:<\/strong><\/p>\n<blockquote class=\"wp-embedded-content\" data-secret=\"XYWabd5wDq\"><p><a href=\"https:\/\/grupopiramide.com.mx\/vertice\/literatura\/poesia\/traduccion-tres-poemas-de-gastao-cruz-versiones-de-sinae-dasein\/\">Traducci\u00f3n | Tres poemas de Gast\u00e3o Cruz  [versiones de Sinae Dasein]<\/a><\/p><\/blockquote>\n<p><iframe loading=\"lazy\" class=\"wp-embedded-content\" sandbox=\"allow-scripts\" security=\"restricted\" style=\"position: absolute; clip: rect(1px, 1px, 1px, 1px);\" title=\"&#8220;Traducci\u00f3n | Tres poemas de Gast\u00e3o Cruz  [versiones de Sinae Dasein]&#8221; &#8212; V\u00e9rtice\" src=\"https:\/\/grupopiramide.com.mx\/vertice\/literatura\/poesia\/traduccion-tres-poemas-de-gastao-cruz-versiones-de-sinae-dasein\/embed\/#?secret=9iYesfuEpj#?secret=XYWabd5wDq\" data-secret=\"XYWabd5wDq\" width=\"600\" height=\"338\" frameborder=\"0\" marginwidth=\"0\" marginheight=\"0\" scrolling=\"no\"><\/iframe><\/p>\n<p>&nbsp;<\/p>\n<p>&nbsp;<\/p>\n<p style=\"text-align: center;\">****<\/p>\n<h5><a href=\"https:\/\/grupopiramide.com.mx\/vertice\/wp-content\/uploads\/2020\/12\/IMG-20190402-WA0003.jpg\"><img loading=\"lazy\" decoding=\"async\" class=\"alignleft wp-image-486\" title=\"Pessoa\" src=\"https:\/\/grupopiramide.com.mx\/vertice\/wp-content\/uploads\/2020\/12\/IMG-20190402-WA0003.jpg\" sizes=\"auto, (max-width: 125px) 100vw, 125px\" srcset=\"https:\/\/grupopiramide.com.mx\/vertice\/wp-content\/uploads\/2020\/12\/IMG-20190402-WA0003.jpg 1280w, https:\/\/grupopiramide.com.mx\/vertice\/wp-content\/uploads\/2020\/12\/IMG-20190402-WA0003-768x576.jpg 768w, https:\/\/grupopiramide.com.mx\/vertice\/wp-content\/uploads\/2020\/12\/IMG-20190402-WA0003-300x225.jpg 300w, https:\/\/grupopiramide.com.mx\/vertice\/wp-content\/uploads\/2020\/12\/IMG-20190402-WA0003-850x638.jpg 850w\" alt=\"Pessoa\" width=\"125\" height=\"93\" \/><\/a><\/h5>\n<p><strong>Sinae Dasein<\/strong> ha asistido a varios talleres literarios y publicado la mayor parte de sus poemas en la revista\u00a0 <em>Tropo a la u\u00f1a y Cracken <\/em>y traducciones de Pessoa y <em>Gast\u00e3o<\/em> Cruz en <a href=\"https:\/\/grupopiramide.com.mx\/vertice\/\">V\u00e9rtice<\/a>. Form\u00f3 parte del equipo que fund\u00f3 la revista de difusi\u00f3n electr\u00f3nica <em>Salvo el crep\u00fasculo<\/em>. Ganador del primer concurso de poes\u00eda en la ciudad de Canc\u00fan, \u201cFiesta de la paz\u201d con su primer libro, <em>Larvae<\/em>.<\/p>\n","protected":false},"excerpt":{"rendered":"<p>&nbsp; &nbsp; Este poema, este pensar a, de Denise Levertov, es el claro ejemplo de c\u00f3mo ejercen la lectura algunos poetas, lectores, fil\u00f3sofos y eruditos &hellip; <\/p>\n","protected":false},"author":3,"featured_media":987,"comment_status":"open","ping_status":"open","sticky":false,"template":"","format":"standard","meta":{"footnotes":""},"categories":[6],"tags":[248,266,220,267],"class_list":["post-985","post","type-post","status-publish","format-standard","has-post-thumbnail","hentry","category-poesia","tag-nueva-poesia-quintanarroense","tag-paul-celan","tag-poesia-anglosajona","tag-traducciones","latest_post"],"yoast_head":"<!-- This site is optimized with the Yoast SEO plugin v28.3 - https:\/\/yoast.com\/product\/yoast-seo-wordpress\/ -->\n<title>Traducci\u00f3n | Pensando en Paul Celan, de Denise Levertov [versi\u00f3n Sinae Dasein] - V\u00e9rtice<\/title>\n<meta name=\"description\" content=\"&quot;Pensando en Paul Celan&quot;, de la poeta inglesa Denise Levertov, en la versi\u00f3n que realiza para V\u00e9rtice el poeta cancunense Sina Dasein.\" \/>\n<meta name=\"robots\" content=\"index, follow, max-snippet:-1, max-image-preview:large, max-video-preview:-1\" \/>\n<link rel=\"canonical\" href=\"https:\/\/grupopiramide.com.mx\/vertice\/literatura\/poesia\/traduccion-de-pensando-en-paul-celan-de-levertov-por-sinae-dasein\/\" \/>\n<meta property=\"og:locale\" content=\"es_MX\" \/>\n<meta property=\"og:type\" content=\"article\" \/>\n<meta property=\"og:title\" content=\"Traducci\u00f3n | Pensando en Paul Celan, de Denise Levertov [versi\u00f3n Sinae Dasein] - V\u00e9rtice\" \/>\n<meta property=\"og:description\" content=\"&quot;Pensando en Paul Celan&quot;, de la poeta inglesa Denise Levertov, en la versi\u00f3n que realiza para V\u00e9rtice el poeta cancunense Sina Dasein.\" \/>\n<meta property=\"og:url\" content=\"https:\/\/grupopiramide.com.mx\/vertice\/literatura\/poesia\/traduccion-de-pensando-en-paul-celan-de-levertov-por-sinae-dasein\/\" \/>\n<meta property=\"og:site_name\" content=\"V\u00e9rtice\" \/>\n<meta property=\"article:publisher\" content=\"https:\/\/www.facebook.com\/PiramideQuintanaRoo\/\" \/>\n<meta property=\"article:published_time\" content=\"2021-05-02T03:10:21+00:00\" \/>\n<meta property=\"og:image\" content=\"https:\/\/grupopiramide.com.mx\/vertice\/wp-content\/uploads\/2021\/05\/levertov.jpg\" \/>\n\t<meta property=\"og:image:width\" content=\"700\" \/>\n\t<meta property=\"og:image:height\" content=\"466\" \/>\n\t<meta property=\"og:image:type\" content=\"image\/jpeg\" \/>\n<meta name=\"author\" content=\"V\u00e9rtice | Grupo Pir\u00e1mide\" \/>\n<meta name=\"twitter:card\" content=\"summary_large_image\" \/>\n<meta name=\"twitter:creator\" content=\"@PiramideQroo\" \/>\n<meta name=\"twitter:site\" content=\"@PiramideQroo\" \/>\n<meta name=\"twitter:label1\" content=\"Escrito por\" \/>\n\t<meta name=\"twitter:data1\" content=\"V\u00e9rtice | Grupo Pir\u00e1mide\" \/>\n\t<meta name=\"twitter:label2\" content=\"Tiempo de lectura\" \/>\n\t<meta name=\"twitter:data2\" content=\"3 minutos\" \/>\n<script type=\"application\/ld+json\" class=\"yoast-schema-graph\">{\"@context\":\"https:\\\/\\\/schema.org\",\"@graph\":[{\"@type\":\"Article\",\"@id\":\"https:\\\/\\\/grupopiramide.com.mx\\\/vertice\\\/literatura\\\/poesia\\\/traduccion-de-pensando-en-paul-celan-de-levertov-por-sinae-dasein\\\/#article\",\"isPartOf\":{\"@id\":\"https:\\\/\\\/grupopiramide.com.mx\\\/vertice\\\/literatura\\\/poesia\\\/traduccion-de-pensando-en-paul-celan-de-levertov-por-sinae-dasein\\\/\"},\"author\":{\"name\":\"V\u00e9rtice | Grupo Pir\u00e1mide\",\"@id\":\"https:\\\/\\\/grupopiramide.com.mx\\\/vertice\\\/#\\\/schema\\\/person\\\/54e0b03828409b9da5378836243ccc0c\"},\"headline\":\"Traducci\u00f3n | Pensando en Paul Celan, de Denise Levertov [versi\u00f3n Sinae Dasein]\",\"datePublished\":\"2021-05-02T03:10:21+00:00\",\"mainEntityOfPage\":{\"@id\":\"https:\\\/\\\/grupopiramide.com.mx\\\/vertice\\\/literatura\\\/poesia\\\/traduccion-de-pensando-en-paul-celan-de-levertov-por-sinae-dasein\\\/\"},\"wordCount\":604,\"commentCount\":0,\"publisher\":{\"@id\":\"https:\\\/\\\/grupopiramide.com.mx\\\/vertice\\\/#organization\"},\"image\":{\"@id\":\"https:\\\/\\\/grupopiramide.com.mx\\\/vertice\\\/literatura\\\/poesia\\\/traduccion-de-pensando-en-paul-celan-de-levertov-por-sinae-dasein\\\/#primaryimage\"},\"thumbnailUrl\":\"https:\\\/\\\/grupopiramide.com.mx\\\/vertice\\\/wp-content\\\/uploads\\\/2021\\\/05\\\/levertov.jpg\",\"keywords\":[\"Nueva poes\u00eda quintanarroense\",\"Paul Celan\",\"Poes\u00eda anglosajona\",\"Traducciones\"],\"articleSection\":[\"Poes\u00eda\"],\"inLanguage\":\"es\",\"potentialAction\":[{\"@type\":\"CommentAction\",\"name\":\"Comment\",\"target\":[\"https:\\\/\\\/grupopiramide.com.mx\\\/vertice\\\/literatura\\\/poesia\\\/traduccion-de-pensando-en-paul-celan-de-levertov-por-sinae-dasein\\\/#respond\"]}]},{\"@type\":\"WebPage\",\"@id\":\"https:\\\/\\\/grupopiramide.com.mx\\\/vertice\\\/literatura\\\/poesia\\\/traduccion-de-pensando-en-paul-celan-de-levertov-por-sinae-dasein\\\/\",\"url\":\"https:\\\/\\\/grupopiramide.com.mx\\\/vertice\\\/literatura\\\/poesia\\\/traduccion-de-pensando-en-paul-celan-de-levertov-por-sinae-dasein\\\/\",\"name\":\"Traducci\u00f3n | Pensando en Paul Celan, de Denise Levertov [versi\u00f3n Sinae Dasein] - V\u00e9rtice\",\"isPartOf\":{\"@id\":\"https:\\\/\\\/grupopiramide.com.mx\\\/vertice\\\/#website\"},\"primaryImageOfPage\":{\"@id\":\"https:\\\/\\\/grupopiramide.com.mx\\\/vertice\\\/literatura\\\/poesia\\\/traduccion-de-pensando-en-paul-celan-de-levertov-por-sinae-dasein\\\/#primaryimage\"},\"image\":{\"@id\":\"https:\\\/\\\/grupopiramide.com.mx\\\/vertice\\\/literatura\\\/poesia\\\/traduccion-de-pensando-en-paul-celan-de-levertov-por-sinae-dasein\\\/#primaryimage\"},\"thumbnailUrl\":\"https:\\\/\\\/grupopiramide.com.mx\\\/vertice\\\/wp-content\\\/uploads\\\/2021\\\/05\\\/levertov.jpg\",\"datePublished\":\"2021-05-02T03:10:21+00:00\",\"description\":\"\\\"Pensando en Paul Celan\\\", de la poeta inglesa Denise Levertov, en la versi\u00f3n que realiza para V\u00e9rtice el poeta cancunense Sina Dasein.\",\"breadcrumb\":{\"@id\":\"https:\\\/\\\/grupopiramide.com.mx\\\/vertice\\\/literatura\\\/poesia\\\/traduccion-de-pensando-en-paul-celan-de-levertov-por-sinae-dasein\\\/#breadcrumb\"},\"inLanguage\":\"es\",\"potentialAction\":[{\"@type\":\"ReadAction\",\"target\":[\"https:\\\/\\\/grupopiramide.com.mx\\\/vertice\\\/literatura\\\/poesia\\\/traduccion-de-pensando-en-paul-celan-de-levertov-por-sinae-dasein\\\/\"]}]},{\"@type\":\"ImageObject\",\"inLanguage\":\"es\",\"@id\":\"https:\\\/\\\/grupopiramide.com.mx\\\/vertice\\\/literatura\\\/poesia\\\/traduccion-de-pensando-en-paul-celan-de-levertov-por-sinae-dasein\\\/#primaryimage\",\"url\":\"https:\\\/\\\/grupopiramide.com.mx\\\/vertice\\\/wp-content\\\/uploads\\\/2021\\\/05\\\/levertov.jpg\",\"contentUrl\":\"https:\\\/\\\/grupopiramide.com.mx\\\/vertice\\\/wp-content\\\/uploads\\\/2021\\\/05\\\/levertov.jpg\",\"width\":700,\"height\":466,\"caption\":\"Celan\"},{\"@type\":\"BreadcrumbList\",\"@id\":\"https:\\\/\\\/grupopiramide.com.mx\\\/vertice\\\/literatura\\\/poesia\\\/traduccion-de-pensando-en-paul-celan-de-levertov-por-sinae-dasein\\\/#breadcrumb\",\"itemListElement\":[{\"@type\":\"ListItem\",\"position\":1,\"name\":\"Inicio\",\"item\":\"https:\\\/\\\/grupopiramide.com.mx\\\/vertice\\\/\"},{\"@type\":\"ListItem\",\"position\":2,\"name\":\"Traducci\u00f3n | Pensando en Paul Celan, de Denise Levertov [versi\u00f3n Sinae Dasein]\"}]},{\"@type\":\"WebSite\",\"@id\":\"https:\\\/\\\/grupopiramide.com.mx\\\/vertice\\\/#website\",\"url\":\"https:\\\/\\\/grupopiramide.com.mx\\\/vertice\\\/\",\"name\":\"V\u00e9rtice\",\"description\":\"Letras de Grupo Pir\u00e1mide\",\"publisher\":{\"@id\":\"https:\\\/\\\/grupopiramide.com.mx\\\/vertice\\\/#organization\"},\"potentialAction\":[{\"@type\":\"SearchAction\",\"target\":{\"@type\":\"EntryPoint\",\"urlTemplate\":\"https:\\\/\\\/grupopiramide.com.mx\\\/vertice\\\/?s={search_term_string}\"},\"query-input\":{\"@type\":\"PropertyValueSpecification\",\"valueRequired\":true,\"valueName\":\"search_term_string\"}}],\"inLanguage\":\"es\"},{\"@type\":\"Organization\",\"@id\":\"https:\\\/\\\/grupopiramide.com.mx\\\/vertice\\\/#organization\",\"name\":\"Grupo Pir\u00e1mide\",\"url\":\"https:\\\/\\\/grupopiramide.com.mx\\\/vertice\\\/\",\"logo\":{\"@type\":\"ImageObject\",\"inLanguage\":\"es\",\"@id\":\"https:\\\/\\\/grupopiramide.com.mx\\\/vertice\\\/#\\\/schema\\\/logo\\\/image\\\/\",\"url\":\"https:\\\/\\\/grupopiramide.com.mx\\\/vertice\\\/wp-content\\\/uploads\\\/2021\\\/01\\\/black_logo_piramide.jpg\",\"contentUrl\":\"https:\\\/\\\/grupopiramide.com.mx\\\/vertice\\\/wp-content\\\/uploads\\\/2021\\\/01\\\/black_logo_piramide.jpg\",\"width\":834,\"height\":834,\"caption\":\"Grupo Pir\u00e1mide\"},\"image\":{\"@id\":\"https:\\\/\\\/grupopiramide.com.mx\\\/vertice\\\/#\\\/schema\\\/logo\\\/image\\\/\"},\"sameAs\":[\"https:\\\/\\\/www.facebook.com\\\/PiramideQuintanaRoo\\\/\",\"https:\\\/\\\/x.com\\\/PiramideQroo\"]},{\"@type\":\"Person\",\"@id\":\"https:\\\/\\\/grupopiramide.com.mx\\\/vertice\\\/#\\\/schema\\\/person\\\/54e0b03828409b9da5378836243ccc0c\",\"name\":\"V\u00e9rtice | Grupo Pir\u00e1mide\",\"image\":{\"@type\":\"ImageObject\",\"inLanguage\":\"es\",\"@id\":\"https:\\\/\\\/secure.gravatar.com\\\/avatar\\\/cb73f752229f7f01794c28dfa68b47952f79fd486702d81ddd3a12e9d2e52fc4?s=96&d=mm&r=g\",\"url\":\"https:\\\/\\\/secure.gravatar.com\\\/avatar\\\/cb73f752229f7f01794c28dfa68b47952f79fd486702d81ddd3a12e9d2e52fc4?s=96&d=mm&r=g\",\"contentUrl\":\"https:\\\/\\\/secure.gravatar.com\\\/avatar\\\/cb73f752229f7f01794c28dfa68b47952f79fd486702d81ddd3a12e9d2e52fc4?s=96&d=mm&r=g\",\"caption\":\"V\u00e9rtice | Grupo Pir\u00e1mide\"},\"sameAs\":[\"https:\\\/\\\/grupopiramide.com.mx\\\/vertice\"]}]}<\/script>\n<!-- \/ Yoast SEO plugin. -->","yoast_head_json":{"title":"Traducci\u00f3n | Pensando en Paul Celan, de Denise Levertov [versi\u00f3n Sinae Dasein] - V\u00e9rtice","description":"\"Pensando en Paul Celan\", de la poeta inglesa Denise Levertov, en la versi\u00f3n que realiza para V\u00e9rtice el poeta cancunense Sina Dasein.","robots":{"index":"index","follow":"follow","max-snippet":"max-snippet:-1","max-image-preview":"max-image-preview:large","max-video-preview":"max-video-preview:-1"},"canonical":"https:\/\/grupopiramide.com.mx\/vertice\/literatura\/poesia\/traduccion-de-pensando-en-paul-celan-de-levertov-por-sinae-dasein\/","og_locale":"es_MX","og_type":"article","og_title":"Traducci\u00f3n | Pensando en Paul Celan, de Denise Levertov [versi\u00f3n Sinae Dasein] - V\u00e9rtice","og_description":"\"Pensando en Paul Celan\", de la poeta inglesa Denise Levertov, en la versi\u00f3n que realiza para V\u00e9rtice el poeta cancunense Sina Dasein.","og_url":"https:\/\/grupopiramide.com.mx\/vertice\/literatura\/poesia\/traduccion-de-pensando-en-paul-celan-de-levertov-por-sinae-dasein\/","og_site_name":"V\u00e9rtice","article_publisher":"https:\/\/www.facebook.com\/PiramideQuintanaRoo\/","article_published_time":"2021-05-02T03:10:21+00:00","og_image":[{"width":700,"height":466,"url":"https:\/\/grupopiramide.com.mx\/vertice\/wp-content\/uploads\/2021\/05\/levertov.jpg","type":"image\/jpeg"}],"author":"V\u00e9rtice | Grupo Pir\u00e1mide","twitter_card":"summary_large_image","twitter_creator":"@PiramideQroo","twitter_site":"@PiramideQroo","twitter_misc":{"Escrito por":"V\u00e9rtice | Grupo Pir\u00e1mide","Tiempo de lectura":"3 minutos"},"schema":{"@context":"https:\/\/schema.org","@graph":[{"@type":"Article","@id":"https:\/\/grupopiramide.com.mx\/vertice\/literatura\/poesia\/traduccion-de-pensando-en-paul-celan-de-levertov-por-sinae-dasein\/#article","isPartOf":{"@id":"https:\/\/grupopiramide.com.mx\/vertice\/literatura\/poesia\/traduccion-de-pensando-en-paul-celan-de-levertov-por-sinae-dasein\/"},"author":{"name":"V\u00e9rtice | Grupo Pir\u00e1mide","@id":"https:\/\/grupopiramide.com.mx\/vertice\/#\/schema\/person\/54e0b03828409b9da5378836243ccc0c"},"headline":"Traducci\u00f3n | Pensando en Paul Celan, de Denise Levertov [versi\u00f3n Sinae Dasein]","datePublished":"2021-05-02T03:10:21+00:00","mainEntityOfPage":{"@id":"https:\/\/grupopiramide.com.mx\/vertice\/literatura\/poesia\/traduccion-de-pensando-en-paul-celan-de-levertov-por-sinae-dasein\/"},"wordCount":604,"commentCount":0,"publisher":{"@id":"https:\/\/grupopiramide.com.mx\/vertice\/#organization"},"image":{"@id":"https:\/\/grupopiramide.com.mx\/vertice\/literatura\/poesia\/traduccion-de-pensando-en-paul-celan-de-levertov-por-sinae-dasein\/#primaryimage"},"thumbnailUrl":"https:\/\/grupopiramide.com.mx\/vertice\/wp-content\/uploads\/2021\/05\/levertov.jpg","keywords":["Nueva poes\u00eda quintanarroense","Paul Celan","Poes\u00eda anglosajona","Traducciones"],"articleSection":["Poes\u00eda"],"inLanguage":"es","potentialAction":[{"@type":"CommentAction","name":"Comment","target":["https:\/\/grupopiramide.com.mx\/vertice\/literatura\/poesia\/traduccion-de-pensando-en-paul-celan-de-levertov-por-sinae-dasein\/#respond"]}]},{"@type":"WebPage","@id":"https:\/\/grupopiramide.com.mx\/vertice\/literatura\/poesia\/traduccion-de-pensando-en-paul-celan-de-levertov-por-sinae-dasein\/","url":"https:\/\/grupopiramide.com.mx\/vertice\/literatura\/poesia\/traduccion-de-pensando-en-paul-celan-de-levertov-por-sinae-dasein\/","name":"Traducci\u00f3n | Pensando en Paul Celan, de Denise Levertov [versi\u00f3n Sinae Dasein] - V\u00e9rtice","isPartOf":{"@id":"https:\/\/grupopiramide.com.mx\/vertice\/#website"},"primaryImageOfPage":{"@id":"https:\/\/grupopiramide.com.mx\/vertice\/literatura\/poesia\/traduccion-de-pensando-en-paul-celan-de-levertov-por-sinae-dasein\/#primaryimage"},"image":{"@id":"https:\/\/grupopiramide.com.mx\/vertice\/literatura\/poesia\/traduccion-de-pensando-en-paul-celan-de-levertov-por-sinae-dasein\/#primaryimage"},"thumbnailUrl":"https:\/\/grupopiramide.com.mx\/vertice\/wp-content\/uploads\/2021\/05\/levertov.jpg","datePublished":"2021-05-02T03:10:21+00:00","description":"\"Pensando en Paul Celan\", de la poeta inglesa Denise Levertov, en la versi\u00f3n que realiza para V\u00e9rtice el poeta cancunense Sina Dasein.","breadcrumb":{"@id":"https:\/\/grupopiramide.com.mx\/vertice\/literatura\/poesia\/traduccion-de-pensando-en-paul-celan-de-levertov-por-sinae-dasein\/#breadcrumb"},"inLanguage":"es","potentialAction":[{"@type":"ReadAction","target":["https:\/\/grupopiramide.com.mx\/vertice\/literatura\/poesia\/traduccion-de-pensando-en-paul-celan-de-levertov-por-sinae-dasein\/"]}]},{"@type":"ImageObject","inLanguage":"es","@id":"https:\/\/grupopiramide.com.mx\/vertice\/literatura\/poesia\/traduccion-de-pensando-en-paul-celan-de-levertov-por-sinae-dasein\/#primaryimage","url":"https:\/\/grupopiramide.com.mx\/vertice\/wp-content\/uploads\/2021\/05\/levertov.jpg","contentUrl":"https:\/\/grupopiramide.com.mx\/vertice\/wp-content\/uploads\/2021\/05\/levertov.jpg","width":700,"height":466,"caption":"Celan"},{"@type":"BreadcrumbList","@id":"https:\/\/grupopiramide.com.mx\/vertice\/literatura\/poesia\/traduccion-de-pensando-en-paul-celan-de-levertov-por-sinae-dasein\/#breadcrumb","itemListElement":[{"@type":"ListItem","position":1,"name":"Inicio","item":"https:\/\/grupopiramide.com.mx\/vertice\/"},{"@type":"ListItem","position":2,"name":"Traducci\u00f3n | Pensando en Paul Celan, de Denise Levertov [versi\u00f3n Sinae Dasein]"}]},{"@type":"WebSite","@id":"https:\/\/grupopiramide.com.mx\/vertice\/#website","url":"https:\/\/grupopiramide.com.mx\/vertice\/","name":"V\u00e9rtice","description":"Letras de Grupo Pir\u00e1mide","publisher":{"@id":"https:\/\/grupopiramide.com.mx\/vertice\/#organization"},"potentialAction":[{"@type":"SearchAction","target":{"@type":"EntryPoint","urlTemplate":"https:\/\/grupopiramide.com.mx\/vertice\/?s={search_term_string}"},"query-input":{"@type":"PropertyValueSpecification","valueRequired":true,"valueName":"search_term_string"}}],"inLanguage":"es"},{"@type":"Organization","@id":"https:\/\/grupopiramide.com.mx\/vertice\/#organization","name":"Grupo Pir\u00e1mide","url":"https:\/\/grupopiramide.com.mx\/vertice\/","logo":{"@type":"ImageObject","inLanguage":"es","@id":"https:\/\/grupopiramide.com.mx\/vertice\/#\/schema\/logo\/image\/","url":"https:\/\/grupopiramide.com.mx\/vertice\/wp-content\/uploads\/2021\/01\/black_logo_piramide.jpg","contentUrl":"https:\/\/grupopiramide.com.mx\/vertice\/wp-content\/uploads\/2021\/01\/black_logo_piramide.jpg","width":834,"height":834,"caption":"Grupo Pir\u00e1mide"},"image":{"@id":"https:\/\/grupopiramide.com.mx\/vertice\/#\/schema\/logo\/image\/"},"sameAs":["https:\/\/www.facebook.com\/PiramideQuintanaRoo\/","https:\/\/x.com\/PiramideQroo"]},{"@type":"Person","@id":"https:\/\/grupopiramide.com.mx\/vertice\/#\/schema\/person\/54e0b03828409b9da5378836243ccc0c","name":"V\u00e9rtice | Grupo Pir\u00e1mide","image":{"@type":"ImageObject","inLanguage":"es","@id":"https:\/\/secure.gravatar.com\/avatar\/cb73f752229f7f01794c28dfa68b47952f79fd486702d81ddd3a12e9d2e52fc4?s=96&d=mm&r=g","url":"https:\/\/secure.gravatar.com\/avatar\/cb73f752229f7f01794c28dfa68b47952f79fd486702d81ddd3a12e9d2e52fc4?s=96&d=mm&r=g","contentUrl":"https:\/\/secure.gravatar.com\/avatar\/cb73f752229f7f01794c28dfa68b47952f79fd486702d81ddd3a12e9d2e52fc4?s=96&d=mm&r=g","caption":"V\u00e9rtice | Grupo Pir\u00e1mide"},"sameAs":["https:\/\/grupopiramide.com.mx\/vertice"]}]}},"_links":{"self":[{"href":"https:\/\/grupopiramide.com.mx\/vertice\/wp-json\/wp\/v2\/posts\/985","targetHints":{"allow":["GET"]}}],"collection":[{"href":"https:\/\/grupopiramide.com.mx\/vertice\/wp-json\/wp\/v2\/posts"}],"about":[{"href":"https:\/\/grupopiramide.com.mx\/vertice\/wp-json\/wp\/v2\/types\/post"}],"author":[{"embeddable":true,"href":"https:\/\/grupopiramide.com.mx\/vertice\/wp-json\/wp\/v2\/users\/3"}],"replies":[{"embeddable":true,"href":"https:\/\/grupopiramide.com.mx\/vertice\/wp-json\/wp\/v2\/comments?post=985"}],"version-history":[{"count":1,"href":"https:\/\/grupopiramide.com.mx\/vertice\/wp-json\/wp\/v2\/posts\/985\/revisions"}],"predecessor-version":[{"id":988,"href":"https:\/\/grupopiramide.com.mx\/vertice\/wp-json\/wp\/v2\/posts\/985\/revisions\/988"}],"wp:featuredmedia":[{"embeddable":true,"href":"https:\/\/grupopiramide.com.mx\/vertice\/wp-json\/wp\/v2\/media\/987"}],"wp:attachment":[{"href":"https:\/\/grupopiramide.com.mx\/vertice\/wp-json\/wp\/v2\/media?parent=985"}],"wp:term":[{"taxonomy":"category","embeddable":true,"href":"https:\/\/grupopiramide.com.mx\/vertice\/wp-json\/wp\/v2\/categories?post=985"},{"taxonomy":"post_tag","embeddable":true,"href":"https:\/\/grupopiramide.com.mx\/vertice\/wp-json\/wp\/v2\/tags?post=985"}],"curies":[{"name":"wp","href":"https:\/\/api.w.org\/{rel}","templated":true}]}}