{"id":893,"date":"2021-03-13T15:30:14","date_gmt":"2021-03-13T20:30:14","guid":{"rendered":"https:\/\/vertice.grupopiramide.com.mx\/?p=893"},"modified":"2021-03-13T15:30:14","modified_gmt":"2021-03-13T20:30:14","slug":"muestra-poetica-del-poeta-chileno-matias-jose-morelos","status":"publish","type":"post","link":"https:\/\/grupopiramide.com.mx\/vertice\/literatura\/poesia\/muestra-poetica-del-poeta-chileno-matias-jose-morelos\/","title":{"rendered":"Poes\u00eda | Cuatro poemas de Mat\u00edas Jos\u00e9 Morales"},"content":{"rendered":"<p><a href=\"https:\/\/grupopiramide.com.mx\/vertice\/wp-content\/uploads\/2021\/03\/errpr.png\"><img loading=\"lazy\" decoding=\"async\" class=\"aligncenter  wp-image-895\" src=\"https:\/\/grupopiramide.com.mx\/vertice\/wp-content\/uploads\/2021\/03\/errpr.png\" alt=\"Mat\u00edas\" width=\"215\" height=\"323\" \/><\/a><\/p>\n<p>&nbsp;<\/p>\n<p>&nbsp;<\/p>\n<p>&nbsp;<\/p>\n<p style=\"text-align: center;\"><strong>ERROR 404: PENSAMIENTO<\/strong><\/p>\n<p style=\"text-align: center;\"><strong>CR\u00cdTICO NO ENCONTRADO<\/strong><\/p>\n<p style=\"text-align: center;\">\n<p>&nbsp;<\/p>\n<p>La idea era quemarse en el infierno.<\/p>\n<p>&nbsp;<\/p>\n<p>Pero vamos, no seas mal agradecido<\/p>\n<p>el mundo se acerca a una velocidad constante.<\/p>\n<p>&nbsp;<\/p>\n<p>Quisimos que la excelencia fuera normal<\/p>\n<p>y transformamos<\/p>\n<p>lo normal en la nueva excelencia.<\/p>\n<p>&nbsp;<\/p>\n<p>Ya no eres nada, bienvenido.<\/p>\n<p>&nbsp;<\/p>\n<p>&nbsp;<\/p>\n<p style=\"text-align: center;\">\n<p style=\"text-align: center;\"><strong>LA VIDA DE LAS LOMBRICES<\/strong><\/p>\n<p style=\"text-align: center;\"><strong>BAJO TIERRA: UN ESTUDIO<\/strong><\/p>\n<p style=\"text-align: center;\"><strong>SOBRE POES\u00cdA Y DIPLOMACIA<\/strong><\/p>\n<p style=\"text-align: center;\"><strong>EN EL SIGLO DEL NE\u00d3N<\/strong><\/p>\n<p>&nbsp;<\/p>\n<p>&nbsp;<\/p>\n<p>La idea de vida<\/p>\n<p>nace en una ilusi\u00f3n de movimiento<\/p>\n<p>anclada al paso del tiempo.<\/p>\n<p>Si todo se puso quieto despu\u00e9s de tu partida<\/p>\n<p>entonces tambi\u00e9n muerto.<\/p>\n<p>El principal error fue darle sentido est\u00e9tico<\/p>\n<p>al poeta por sobre lo importante<\/p>\n<p>del poema. Si entendi\u00e9ramos<\/p>\n<p>que la literatura se basa en ficcionar lo real<\/p>\n<p>dejar\u00edamos de tratar a la naturaleza<\/p>\n<p>como si fuera un pariente lejano<\/p>\n<p>de visita en esa etapa<\/p>\n<p>en la que el despertar sexual<\/p>\n<p>permite incestos de madrugada.<\/p>\n<p>Al amanecer, todo se reduce a lombrices<\/p>\n<p>que se aburrieron de las manzanas<\/p>\n<p>porque son rojas cuando les conviene<\/p>\n<p>y verdes el resto del a\u00f1o.<\/p>\n<p>&nbsp;<\/p>\n<p>&nbsp;<\/p>\n<p style=\"text-align: center;\"><strong>DE SARRO<\/strong><\/p>\n<p>&nbsp;<\/p>\n<p>&nbsp;<\/p>\n<p>No fue la \u00fanica respuesta usada<\/p>\n<p>al calmar ansiedad, pero s\u00ed<\/p>\n<p>su favorita. Hay costras necesarias<\/p>\n<p>cuando el viento sopla<\/p>\n<p>lo suficientemente fuerte<\/p>\n<p>para doblar tus rieles<\/p>\n<p>y ser fr\u00edo como he sido<\/p>\n<p>los \u00faltimos veinte minutos de tormenta<\/p>\n<p>me protege de lanceros bajo el puente<\/p>\n<p>de peinados que absorben el desorden<\/p>\n<p>y el chantaje de sue\u00f1os<\/p>\n<p>provocando choques frontales<\/p>\n<p>en camioneros. \u00bfQu\u00e9 material<\/p>\n<p>resistente pero inapropiado<\/p>\n<p>se usa para fabricar la vida \u00fatil<\/p>\n<p>del h\u00edgado o los trastornos adaptativos<\/p>\n<p>esa manzana verde colgada del \u00e1rbol navide\u00f1o<\/p>\n<p>y los cortes en tu brazo?<\/p>\n<p>&nbsp;<\/p>\n<p>&nbsp;<\/p>\n<p>&nbsp;<\/p>\n<p style=\"text-align: center;\"><strong>FRONTERAS DE PAPEL<\/strong><\/p>\n<p>&nbsp;<\/p>\n<p>&nbsp;<\/p>\n<p>Primero viene el humo<\/p>\n<p>&nbsp;<\/p>\n<p>luego insectos con diversos colores<\/p>\n<p>y formas tratando de entrar<\/p>\n<p>por el lado abierto del abandono.<\/p>\n<p>&nbsp;<\/p>\n<p>La anciana a lo lejos golpea con su palo<\/p>\n<p>el \u00e1rbol limonero teniendo la esperanza<\/p>\n<p>de usar sus frutos como adorno.<\/p>\n<p>&nbsp;<\/p>\n<p>Lo mismo hiciste.<\/p>\n<p>&nbsp;<\/p>\n<p>Primero viene el humo<\/p>\n<p>luego gritos y la gente corre.<\/p>\n<p>&nbsp;<\/p>\n<p>Eso indica que se han cerrado las fronteras<\/p>\n<p>de seguro para seguir tu ejemplo.<\/p>\n<p>&nbsp;<\/p>\n<p>&nbsp;<\/p>\n<p><strong>Tambi\u00e9n te puede interesar:<\/strong><\/p>\n<blockquote class=\"wp-embedded-content\" data-secret=\"dDYTcSB3e4\"><p><a href=\"https:\/\/grupopiramide.com.mx\/vertice\/literatura\/poesia\/fosa-res-piratoria-un-poema-de-sinae-dasein\/\">Poes\u00eda | Fosa res\/piratoria, de Sinae Dasein<\/a><\/p><\/blockquote>\n<p><iframe loading=\"lazy\" class=\"wp-embedded-content\" sandbox=\"allow-scripts\" security=\"restricted\" style=\"position: absolute; clip: rect(1px, 1px, 1px, 1px);\" title=\"&#8220;Poes\u00eda | Fosa res\/piratoria, de Sinae Dasein&#8221; &#8212; V\u00e9rtice\" src=\"https:\/\/grupopiramide.com.mx\/vertice\/literatura\/poesia\/fosa-res-piratoria-un-poema-de-sinae-dasein\/embed\/#?secret=9qFc4obSW0#?secret=dDYTcSB3e4\" data-secret=\"dDYTcSB3e4\" width=\"600\" height=\"338\" frameborder=\"0\" marginwidth=\"0\" marginheight=\"0\" scrolling=\"no\"><\/iframe><\/p>\n<p>&nbsp;<\/p>\n<p style=\"text-align: center;\">****<\/p>\n<p>&nbsp;<\/p>\n<p style=\"font-weight: 400;\"><strong><a href=\"https:\/\/grupopiramide.com.mx\/vertice\/wp-content\/uploads\/2021\/03\/matias.jpg\"><img loading=\"lazy\" decoding=\"async\" class=\"wp-image-894 alignleft\" src=\"https:\/\/grupopiramide.com.mx\/vertice\/wp-content\/uploads\/2021\/03\/matias.jpg\" alt=\"Mat\u00edas \" width=\"82\" height=\"109\" srcset=\"https:\/\/grupopiramide.com.mx\/vertice\/wp-content\/uploads\/2021\/03\/matias.jpg 1040w, https:\/\/grupopiramide.com.mx\/vertice\/wp-content\/uploads\/2021\/03\/matias-768x1025.jpg 768w, https:\/\/grupopiramide.com.mx\/vertice\/wp-content\/uploads\/2021\/03\/matias-600x801.jpg 600w\" sizes=\"auto, (max-width: 82px) 100vw, 82px\" \/><\/a>Mat\u00edas Jos\u00e9 Morales<\/strong>\u00a0(Talca,\u00a0 Chile, 1988) ha colaborado con diversas revistas digitales y publica sus poemarios en el blog: reflejosmorales.wordpress.com<\/p>\n<p>&nbsp;<\/p>\n","protected":false},"excerpt":{"rendered":"<p>&nbsp; &nbsp; &nbsp; ERROR 404: PENSAMIENTO CR\u00cdTICO NO ENCONTRADO &nbsp; La idea era quemarse en el infierno. &nbsp; Pero vamos, no seas mal agradecido el &hellip; <\/p>\n","protected":false},"author":3,"featured_media":895,"comment_status":"open","ping_status":"open","sticky":false,"template":"","format":"standard","meta":{"footnotes":""},"categories":[6],"tags":[208,207,209],"class_list":["post-893","post","type-post","status-publish","format-standard","has-post-thumbnail","hentry","category-poesia","tag-lationamerica","tag-poesia-chilena","tag-poesia-latinoamericana","latest_post"],"yoast_head":"<!-- This site is optimized with the Yoast SEO plugin v28.4 - https:\/\/yoast.com\/product\/yoast-seo-wordpress\/ -->\n<title>Poes\u00eda | Cuatro poemas de Mat\u00edas Jos\u00e9 Morales - V\u00e9rtice<\/title>\n<meta name=\"description\" content=\"Cuatro poemas breves del poeta chileno, Mat\u00edas Jos\u00e9 Morales, en exclusiva para V\u00e9rtice, Letras de Grupo Pir\u00e1mide.\" \/>\n<meta name=\"robots\" content=\"index, follow, max-snippet:-1, max-image-preview:large, max-video-preview:-1\" \/>\n<link rel=\"canonical\" href=\"https:\/\/grupopiramide.com.mx\/vertice\/literatura\/poesia\/muestra-poetica-del-poeta-chileno-matias-jose-morelos\/\" \/>\n<meta property=\"og:locale\" content=\"es_MX\" \/>\n<meta property=\"og:type\" content=\"article\" \/>\n<meta property=\"og:title\" content=\"Poes\u00eda | Cuatro poemas de Mat\u00edas Jos\u00e9 Morales - V\u00e9rtice\" \/>\n<meta property=\"og:description\" content=\"Cuatro poemas breves del poeta chileno, Mat\u00edas Jos\u00e9 Morales, en exclusiva para V\u00e9rtice, Letras de Grupo Pir\u00e1mide.\" \/>\n<meta property=\"og:url\" content=\"https:\/\/grupopiramide.com.mx\/vertice\/literatura\/poesia\/muestra-poetica-del-poeta-chileno-matias-jose-morelos\/\" \/>\n<meta property=\"og:site_name\" content=\"V\u00e9rtice\" \/>\n<meta property=\"article:publisher\" content=\"https:\/\/www.facebook.com\/PiramideQuintanaRoo\/\" \/>\n<meta property=\"article:published_time\" content=\"2021-03-13T20:30:14+00:00\" \/>\n<meta property=\"og:image\" content=\"https:\/\/grupopiramide.com.mx\/vertice\/wp-content\/uploads\/2021\/03\/errpr.png\" \/>\n\t<meta property=\"og:image:width\" content=\"600\" \/>\n\t<meta property=\"og:image:height\" content=\"900\" \/>\n\t<meta property=\"og:image:type\" content=\"image\/png\" \/>\n<meta name=\"author\" content=\"V\u00e9rtice | Grupo Pir\u00e1mide\" \/>\n<meta name=\"twitter:card\" content=\"summary_large_image\" \/>\n<meta name=\"twitter:creator\" content=\"@PiramideQroo\" \/>\n<meta name=\"twitter:site\" content=\"@PiramideQroo\" \/>\n<meta name=\"twitter:label1\" content=\"Escrito por\" \/>\n\t<meta name=\"twitter:data1\" content=\"V\u00e9rtice | Grupo Pir\u00e1mide\" \/>\n\t<meta name=\"twitter:label2\" content=\"Tiempo de lectura\" \/>\n\t<meta name=\"twitter:data2\" content=\"2 minutos\" \/>\n<script type=\"application\/ld+json\" class=\"yoast-schema-graph\">{\"@context\":\"https:\\\/\\\/schema.org\",\"@graph\":[{\"@type\":\"Article\",\"@id\":\"https:\\\/\\\/grupopiramide.com.mx\\\/vertice\\\/literatura\\\/poesia\\\/muestra-poetica-del-poeta-chileno-matias-jose-morelos\\\/#article\",\"isPartOf\":{\"@id\":\"https:\\\/\\\/grupopiramide.com.mx\\\/vertice\\\/literatura\\\/poesia\\\/muestra-poetica-del-poeta-chileno-matias-jose-morelos\\\/\"},\"author\":{\"name\":\"V\u00e9rtice | Grupo Pir\u00e1mide\",\"@id\":\"https:\\\/\\\/grupopiramide.com.mx\\\/vertice\\\/#\\\/schema\\\/person\\\/54e0b03828409b9da5378836243ccc0c\"},\"headline\":\"Poes\u00eda | Cuatro poemas de Mat\u00edas Jos\u00e9 Morales\",\"datePublished\":\"2021-03-13T20:30:14+00:00\",\"mainEntityOfPage\":{\"@id\":\"https:\\\/\\\/grupopiramide.com.mx\\\/vertice\\\/literatura\\\/poesia\\\/muestra-poetica-del-poeta-chileno-matias-jose-morelos\\\/\"},\"wordCount\":421,\"commentCount\":0,\"publisher\":{\"@id\":\"https:\\\/\\\/grupopiramide.com.mx\\\/vertice\\\/#organization\"},\"image\":{\"@id\":\"https:\\\/\\\/grupopiramide.com.mx\\\/vertice\\\/literatura\\\/poesia\\\/muestra-poetica-del-poeta-chileno-matias-jose-morelos\\\/#primaryimage\"},\"thumbnailUrl\":\"https:\\\/\\\/grupopiramide.com.mx\\\/vertice\\\/wp-content\\\/uploads\\\/2021\\\/03\\\/errpr.png\",\"keywords\":[\"Lationamerica\",\"Poes\u00eda chilena\",\"Poes\u00eda latinoamericana\"],\"articleSection\":[\"Poes\u00eda\"],\"inLanguage\":\"es\",\"potentialAction\":[{\"@type\":\"CommentAction\",\"name\":\"Comment\",\"target\":[\"https:\\\/\\\/grupopiramide.com.mx\\\/vertice\\\/literatura\\\/poesia\\\/muestra-poetica-del-poeta-chileno-matias-jose-morelos\\\/#respond\"]}]},{\"@type\":\"WebPage\",\"@id\":\"https:\\\/\\\/grupopiramide.com.mx\\\/vertice\\\/literatura\\\/poesia\\\/muestra-poetica-del-poeta-chileno-matias-jose-morelos\\\/\",\"url\":\"https:\\\/\\\/grupopiramide.com.mx\\\/vertice\\\/literatura\\\/poesia\\\/muestra-poetica-del-poeta-chileno-matias-jose-morelos\\\/\",\"name\":\"Poes\u00eda | Cuatro poemas de Mat\u00edas Jos\u00e9 Morales - V\u00e9rtice\",\"isPartOf\":{\"@id\":\"https:\\\/\\\/grupopiramide.com.mx\\\/vertice\\\/#website\"},\"primaryImageOfPage\":{\"@id\":\"https:\\\/\\\/grupopiramide.com.mx\\\/vertice\\\/literatura\\\/poesia\\\/muestra-poetica-del-poeta-chileno-matias-jose-morelos\\\/#primaryimage\"},\"image\":{\"@id\":\"https:\\\/\\\/grupopiramide.com.mx\\\/vertice\\\/literatura\\\/poesia\\\/muestra-poetica-del-poeta-chileno-matias-jose-morelos\\\/#primaryimage\"},\"thumbnailUrl\":\"https:\\\/\\\/grupopiramide.com.mx\\\/vertice\\\/wp-content\\\/uploads\\\/2021\\\/03\\\/errpr.png\",\"datePublished\":\"2021-03-13T20:30:14+00:00\",\"description\":\"Cuatro poemas breves del poeta chileno, Mat\u00edas Jos\u00e9 Morales, en exclusiva para V\u00e9rtice, Letras de Grupo Pir\u00e1mide.\",\"breadcrumb\":{\"@id\":\"https:\\\/\\\/grupopiramide.com.mx\\\/vertice\\\/literatura\\\/poesia\\\/muestra-poetica-del-poeta-chileno-matias-jose-morelos\\\/#breadcrumb\"},\"inLanguage\":\"es\",\"potentialAction\":[{\"@type\":\"ReadAction\",\"target\":[\"https:\\\/\\\/grupopiramide.com.mx\\\/vertice\\\/literatura\\\/poesia\\\/muestra-poetica-del-poeta-chileno-matias-jose-morelos\\\/\"]}]},{\"@type\":\"ImageObject\",\"inLanguage\":\"es\",\"@id\":\"https:\\\/\\\/grupopiramide.com.mx\\\/vertice\\\/literatura\\\/poesia\\\/muestra-poetica-del-poeta-chileno-matias-jose-morelos\\\/#primaryimage\",\"url\":\"https:\\\/\\\/grupopiramide.com.mx\\\/vertice\\\/wp-content\\\/uploads\\\/2021\\\/03\\\/errpr.png\",\"contentUrl\":\"https:\\\/\\\/grupopiramide.com.mx\\\/vertice\\\/wp-content\\\/uploads\\\/2021\\\/03\\\/errpr.png\",\"width\":600,\"height\":900,\"caption\":\"Mat\u00edas\"},{\"@type\":\"BreadcrumbList\",\"@id\":\"https:\\\/\\\/grupopiramide.com.mx\\\/vertice\\\/literatura\\\/poesia\\\/muestra-poetica-del-poeta-chileno-matias-jose-morelos\\\/#breadcrumb\",\"itemListElement\":[{\"@type\":\"ListItem\",\"position\":1,\"name\":\"Inicio\",\"item\":\"https:\\\/\\\/grupopiramide.com.mx\\\/vertice\\\/\"},{\"@type\":\"ListItem\",\"position\":2,\"name\":\"Poes\u00eda | Cuatro poemas de Mat\u00edas Jos\u00e9 Morales\"}]},{\"@type\":\"WebSite\",\"@id\":\"https:\\\/\\\/grupopiramide.com.mx\\\/vertice\\\/#website\",\"url\":\"https:\\\/\\\/grupopiramide.com.mx\\\/vertice\\\/\",\"name\":\"V\u00e9rtice\",\"description\":\"Letras de Grupo Pir\u00e1mide\",\"publisher\":{\"@id\":\"https:\\\/\\\/grupopiramide.com.mx\\\/vertice\\\/#organization\"},\"potentialAction\":[{\"@type\":\"SearchAction\",\"target\":{\"@type\":\"EntryPoint\",\"urlTemplate\":\"https:\\\/\\\/grupopiramide.com.mx\\\/vertice\\\/?s={search_term_string}\"},\"query-input\":{\"@type\":\"PropertyValueSpecification\",\"valueRequired\":true,\"valueName\":\"search_term_string\"}}],\"inLanguage\":\"es\"},{\"@type\":\"Organization\",\"@id\":\"https:\\\/\\\/grupopiramide.com.mx\\\/vertice\\\/#organization\",\"name\":\"Grupo Pir\u00e1mide\",\"url\":\"https:\\\/\\\/grupopiramide.com.mx\\\/vertice\\\/\",\"logo\":{\"@type\":\"ImageObject\",\"inLanguage\":\"es\",\"@id\":\"https:\\\/\\\/grupopiramide.com.mx\\\/vertice\\\/#\\\/schema\\\/logo\\\/image\\\/\",\"url\":\"https:\\\/\\\/grupopiramide.com.mx\\\/vertice\\\/wp-content\\\/uploads\\\/2021\\\/01\\\/black_logo_piramide.jpg\",\"contentUrl\":\"https:\\\/\\\/grupopiramide.com.mx\\\/vertice\\\/wp-content\\\/uploads\\\/2021\\\/01\\\/black_logo_piramide.jpg\",\"width\":834,\"height\":834,\"caption\":\"Grupo Pir\u00e1mide\"},\"image\":{\"@id\":\"https:\\\/\\\/grupopiramide.com.mx\\\/vertice\\\/#\\\/schema\\\/logo\\\/image\\\/\"},\"sameAs\":[\"https:\\\/\\\/www.facebook.com\\\/PiramideQuintanaRoo\\\/\",\"https:\\\/\\\/x.com\\\/PiramideQroo\"]},{\"@type\":\"Person\",\"@id\":\"https:\\\/\\\/grupopiramide.com.mx\\\/vertice\\\/#\\\/schema\\\/person\\\/54e0b03828409b9da5378836243ccc0c\",\"name\":\"V\u00e9rtice | Grupo Pir\u00e1mide\",\"image\":{\"@type\":\"ImageObject\",\"inLanguage\":\"es\",\"@id\":\"https:\\\/\\\/secure.gravatar.com\\\/avatar\\\/cb73f752229f7f01794c28dfa68b47952f79fd486702d81ddd3a12e9d2e52fc4?s=96&d=mm&r=g\",\"url\":\"https:\\\/\\\/secure.gravatar.com\\\/avatar\\\/cb73f752229f7f01794c28dfa68b47952f79fd486702d81ddd3a12e9d2e52fc4?s=96&d=mm&r=g\",\"contentUrl\":\"https:\\\/\\\/secure.gravatar.com\\\/avatar\\\/cb73f752229f7f01794c28dfa68b47952f79fd486702d81ddd3a12e9d2e52fc4?s=96&d=mm&r=g\",\"caption\":\"V\u00e9rtice | Grupo Pir\u00e1mide\"},\"sameAs\":[\"https:\\\/\\\/grupopiramide.com.mx\\\/vertice\"]}]}<\/script>\n<!-- \/ Yoast SEO plugin. -->","yoast_head_json":{"title":"Poes\u00eda | Cuatro poemas de Mat\u00edas Jos\u00e9 Morales - V\u00e9rtice","description":"Cuatro poemas breves del poeta chileno, Mat\u00edas Jos\u00e9 Morales, en exclusiva para V\u00e9rtice, Letras de Grupo Pir\u00e1mide.","robots":{"index":"index","follow":"follow","max-snippet":"max-snippet:-1","max-image-preview":"max-image-preview:large","max-video-preview":"max-video-preview:-1"},"canonical":"https:\/\/grupopiramide.com.mx\/vertice\/literatura\/poesia\/muestra-poetica-del-poeta-chileno-matias-jose-morelos\/","og_locale":"es_MX","og_type":"article","og_title":"Poes\u00eda | Cuatro poemas de Mat\u00edas Jos\u00e9 Morales - V\u00e9rtice","og_description":"Cuatro poemas breves del poeta chileno, Mat\u00edas Jos\u00e9 Morales, en exclusiva para V\u00e9rtice, Letras de Grupo Pir\u00e1mide.","og_url":"https:\/\/grupopiramide.com.mx\/vertice\/literatura\/poesia\/muestra-poetica-del-poeta-chileno-matias-jose-morelos\/","og_site_name":"V\u00e9rtice","article_publisher":"https:\/\/www.facebook.com\/PiramideQuintanaRoo\/","article_published_time":"2021-03-13T20:30:14+00:00","og_image":[{"width":600,"height":900,"url":"https:\/\/grupopiramide.com.mx\/vertice\/wp-content\/uploads\/2021\/03\/errpr.png","type":"image\/png"}],"author":"V\u00e9rtice | Grupo Pir\u00e1mide","twitter_card":"summary_large_image","twitter_creator":"@PiramideQroo","twitter_site":"@PiramideQroo","twitter_misc":{"Escrito por":"V\u00e9rtice | Grupo Pir\u00e1mide","Tiempo de lectura":"2 minutos"},"schema":{"@context":"https:\/\/schema.org","@graph":[{"@type":"Article","@id":"https:\/\/grupopiramide.com.mx\/vertice\/literatura\/poesia\/muestra-poetica-del-poeta-chileno-matias-jose-morelos\/#article","isPartOf":{"@id":"https:\/\/grupopiramide.com.mx\/vertice\/literatura\/poesia\/muestra-poetica-del-poeta-chileno-matias-jose-morelos\/"},"author":{"name":"V\u00e9rtice | Grupo Pir\u00e1mide","@id":"https:\/\/grupopiramide.com.mx\/vertice\/#\/schema\/person\/54e0b03828409b9da5378836243ccc0c"},"headline":"Poes\u00eda | Cuatro poemas de Mat\u00edas Jos\u00e9 Morales","datePublished":"2021-03-13T20:30:14+00:00","mainEntityOfPage":{"@id":"https:\/\/grupopiramide.com.mx\/vertice\/literatura\/poesia\/muestra-poetica-del-poeta-chileno-matias-jose-morelos\/"},"wordCount":421,"commentCount":0,"publisher":{"@id":"https:\/\/grupopiramide.com.mx\/vertice\/#organization"},"image":{"@id":"https:\/\/grupopiramide.com.mx\/vertice\/literatura\/poesia\/muestra-poetica-del-poeta-chileno-matias-jose-morelos\/#primaryimage"},"thumbnailUrl":"https:\/\/grupopiramide.com.mx\/vertice\/wp-content\/uploads\/2021\/03\/errpr.png","keywords":["Lationamerica","Poes\u00eda chilena","Poes\u00eda latinoamericana"],"articleSection":["Poes\u00eda"],"inLanguage":"es","potentialAction":[{"@type":"CommentAction","name":"Comment","target":["https:\/\/grupopiramide.com.mx\/vertice\/literatura\/poesia\/muestra-poetica-del-poeta-chileno-matias-jose-morelos\/#respond"]}]},{"@type":"WebPage","@id":"https:\/\/grupopiramide.com.mx\/vertice\/literatura\/poesia\/muestra-poetica-del-poeta-chileno-matias-jose-morelos\/","url":"https:\/\/grupopiramide.com.mx\/vertice\/literatura\/poesia\/muestra-poetica-del-poeta-chileno-matias-jose-morelos\/","name":"Poes\u00eda | Cuatro poemas de Mat\u00edas Jos\u00e9 Morales - V\u00e9rtice","isPartOf":{"@id":"https:\/\/grupopiramide.com.mx\/vertice\/#website"},"primaryImageOfPage":{"@id":"https:\/\/grupopiramide.com.mx\/vertice\/literatura\/poesia\/muestra-poetica-del-poeta-chileno-matias-jose-morelos\/#primaryimage"},"image":{"@id":"https:\/\/grupopiramide.com.mx\/vertice\/literatura\/poesia\/muestra-poetica-del-poeta-chileno-matias-jose-morelos\/#primaryimage"},"thumbnailUrl":"https:\/\/grupopiramide.com.mx\/vertice\/wp-content\/uploads\/2021\/03\/errpr.png","datePublished":"2021-03-13T20:30:14+00:00","description":"Cuatro poemas breves del poeta chileno, Mat\u00edas Jos\u00e9 Morales, en exclusiva para V\u00e9rtice, Letras de Grupo Pir\u00e1mide.","breadcrumb":{"@id":"https:\/\/grupopiramide.com.mx\/vertice\/literatura\/poesia\/muestra-poetica-del-poeta-chileno-matias-jose-morelos\/#breadcrumb"},"inLanguage":"es","potentialAction":[{"@type":"ReadAction","target":["https:\/\/grupopiramide.com.mx\/vertice\/literatura\/poesia\/muestra-poetica-del-poeta-chileno-matias-jose-morelos\/"]}]},{"@type":"ImageObject","inLanguage":"es","@id":"https:\/\/grupopiramide.com.mx\/vertice\/literatura\/poesia\/muestra-poetica-del-poeta-chileno-matias-jose-morelos\/#primaryimage","url":"https:\/\/grupopiramide.com.mx\/vertice\/wp-content\/uploads\/2021\/03\/errpr.png","contentUrl":"https:\/\/grupopiramide.com.mx\/vertice\/wp-content\/uploads\/2021\/03\/errpr.png","width":600,"height":900,"caption":"Mat\u00edas"},{"@type":"BreadcrumbList","@id":"https:\/\/grupopiramide.com.mx\/vertice\/literatura\/poesia\/muestra-poetica-del-poeta-chileno-matias-jose-morelos\/#breadcrumb","itemListElement":[{"@type":"ListItem","position":1,"name":"Inicio","item":"https:\/\/grupopiramide.com.mx\/vertice\/"},{"@type":"ListItem","position":2,"name":"Poes\u00eda | Cuatro poemas de Mat\u00edas Jos\u00e9 Morales"}]},{"@type":"WebSite","@id":"https:\/\/grupopiramide.com.mx\/vertice\/#website","url":"https:\/\/grupopiramide.com.mx\/vertice\/","name":"V\u00e9rtice","description":"Letras de Grupo Pir\u00e1mide","publisher":{"@id":"https:\/\/grupopiramide.com.mx\/vertice\/#organization"},"potentialAction":[{"@type":"SearchAction","target":{"@type":"EntryPoint","urlTemplate":"https:\/\/grupopiramide.com.mx\/vertice\/?s={search_term_string}"},"query-input":{"@type":"PropertyValueSpecification","valueRequired":true,"valueName":"search_term_string"}}],"inLanguage":"es"},{"@type":"Organization","@id":"https:\/\/grupopiramide.com.mx\/vertice\/#organization","name":"Grupo Pir\u00e1mide","url":"https:\/\/grupopiramide.com.mx\/vertice\/","logo":{"@type":"ImageObject","inLanguage":"es","@id":"https:\/\/grupopiramide.com.mx\/vertice\/#\/schema\/logo\/image\/","url":"https:\/\/grupopiramide.com.mx\/vertice\/wp-content\/uploads\/2021\/01\/black_logo_piramide.jpg","contentUrl":"https:\/\/grupopiramide.com.mx\/vertice\/wp-content\/uploads\/2021\/01\/black_logo_piramide.jpg","width":834,"height":834,"caption":"Grupo Pir\u00e1mide"},"image":{"@id":"https:\/\/grupopiramide.com.mx\/vertice\/#\/schema\/logo\/image\/"},"sameAs":["https:\/\/www.facebook.com\/PiramideQuintanaRoo\/","https:\/\/x.com\/PiramideQroo"]},{"@type":"Person","@id":"https:\/\/grupopiramide.com.mx\/vertice\/#\/schema\/person\/54e0b03828409b9da5378836243ccc0c","name":"V\u00e9rtice | Grupo Pir\u00e1mide","image":{"@type":"ImageObject","inLanguage":"es","@id":"https:\/\/secure.gravatar.com\/avatar\/cb73f752229f7f01794c28dfa68b47952f79fd486702d81ddd3a12e9d2e52fc4?s=96&d=mm&r=g","url":"https:\/\/secure.gravatar.com\/avatar\/cb73f752229f7f01794c28dfa68b47952f79fd486702d81ddd3a12e9d2e52fc4?s=96&d=mm&r=g","contentUrl":"https:\/\/secure.gravatar.com\/avatar\/cb73f752229f7f01794c28dfa68b47952f79fd486702d81ddd3a12e9d2e52fc4?s=96&d=mm&r=g","caption":"V\u00e9rtice | Grupo Pir\u00e1mide"},"sameAs":["https:\/\/grupopiramide.com.mx\/vertice"]}]}},"_links":{"self":[{"href":"https:\/\/grupopiramide.com.mx\/vertice\/wp-json\/wp\/v2\/posts\/893","targetHints":{"allow":["GET"]}}],"collection":[{"href":"https:\/\/grupopiramide.com.mx\/vertice\/wp-json\/wp\/v2\/posts"}],"about":[{"href":"https:\/\/grupopiramide.com.mx\/vertice\/wp-json\/wp\/v2\/types\/post"}],"author":[{"embeddable":true,"href":"https:\/\/grupopiramide.com.mx\/vertice\/wp-json\/wp\/v2\/users\/3"}],"replies":[{"embeddable":true,"href":"https:\/\/grupopiramide.com.mx\/vertice\/wp-json\/wp\/v2\/comments?post=893"}],"version-history":[{"count":1,"href":"https:\/\/grupopiramide.com.mx\/vertice\/wp-json\/wp\/v2\/posts\/893\/revisions"}],"predecessor-version":[{"id":896,"href":"https:\/\/grupopiramide.com.mx\/vertice\/wp-json\/wp\/v2\/posts\/893\/revisions\/896"}],"wp:featuredmedia":[{"embeddable":true,"href":"https:\/\/grupopiramide.com.mx\/vertice\/wp-json\/wp\/v2\/media\/895"}],"wp:attachment":[{"href":"https:\/\/grupopiramide.com.mx\/vertice\/wp-json\/wp\/v2\/media?parent=893"}],"wp:term":[{"taxonomy":"category","embeddable":true,"href":"https:\/\/grupopiramide.com.mx\/vertice\/wp-json\/wp\/v2\/categories?post=893"},{"taxonomy":"post_tag","embeddable":true,"href":"https:\/\/grupopiramide.com.mx\/vertice\/wp-json\/wp\/v2\/tags?post=893"}],"curies":[{"name":"wp","href":"https:\/\/api.w.org\/{rel}","templated":true}]}}