{"id":4557,"date":"2024-03-03T06:33:03","date_gmt":"2024-03-03T11:33:03","guid":{"rendered":"https:\/\/grupopiramide.com.mx\/vertice\/?p=4557"},"modified":"2024-02-27T09:53:29","modified_gmt":"2024-02-27T14:53:29","slug":"entrevista-peregrinar-para-leer-la-vida-con-la-escritora-cubana-liudmila-quincoces","status":"publish","type":"post","link":"https:\/\/grupopiramide.com.mx\/vertice\/literatura\/entrevista-peregrinar-para-leer-la-vida-con-la-escritora-cubana-liudmila-quincoces\/","title":{"rendered":"Entrevista | Peregrinar para leer la vida | Con la escritora cubana Liudmila Quincoces"},"content":{"rendered":"<h4>Carlos Olivares Bar\u00f3<\/h4>\n<p>La editora, poeta, narradora, docente y promotora cultural Liudmila Quincoses (Sancti Sp\u00edritus, Cuba, 1975) pone a disposici\u00f3n el cuaderno <em>Escritura de ciudad<\/em> (D\u2019McPherson, 2023), antolog\u00eda personal que hace un resumen de dos d\u00e9cadas de trabajo con la palabra en la conformaci\u00f3n de un itinerario que se inserta en retumbos de lo mejor de la tradici\u00f3n po\u00e9tica hispanoamericana suscrita por mujeres (<strong>Dulce Mar\u00eda Loynaz<\/strong>, <strong>Fina Garc\u00eda Marruz<\/strong>, <strong>Gabriela Mistral<\/strong>, <strong>Alfonsina Storni<\/strong>, <strong>Delmira Agustini<\/strong>, <strong>Alejandra Pizarnik<\/strong>&#8230;).<\/p>\n<p><em>Escritos en La Habana (2002\u20132005)<\/em>;<em> Escritos en Sancti Sp\u00edritus, Florencia, Venecia, Berl\u00edn, Par\u00eds, Atenas: cualquier ciudad sirvi\u00f3 de pretexto (2000\u20132012) <\/em>y<em> Otros textos dispersos (2013\u20132020) <\/em>configuran este cuaderno de vida donde cipreses, caminos, calles, santuarios, plazas, clamores, piedras, muros y asombros dialogan con los instantes m\u00e1s \u00edntimos para que las manos labren un perseverante deseo de lluvia enclavado en la memoria.<\/p>\n<p>\u201c<em>Escritura de ciudad<\/em> naci\u00f3 en Sancti Sp\u00edritus, donde nac\u00ed, pero como yo, fue creciendo y conociendo otros lugares que la poes\u00eda me se\u00f1alaba, porque es as\u00ed, los versos te escogen, te se\u00f1alan los motivos, hacen que algunas circunstancias fulguren en tu cabeza: as\u00ed se puede ver el destello del poema, as\u00ed aparecen los textos. Sue\u00f1o los libros, ellos me sostienen. As\u00ed siento que puedo respirar, vivir y entender esta confusa vida\u201d, dice Liudmila Quincoses, directora en Centro Cultural Alternativo Escriban\u00eda Dollz.<\/p>\n<p><em>\u00bfResumen de dos d\u00e9cadas de faena po\u00e9tica?<\/em><\/p>\n<p>Testimonio de mis andares de la \u00e9poca de mi estancia en La Habana, donde llegu\u00e9 de Sancti Sp\u00edritus y me mud\u00e9 a una casa que restaur\u00e9 y que luego perd\u00ed. Presencia de vestigios, ecos de <em>El libro de la espera<\/em>: mis poemas de la maternidad.<\/p>\n<p><em>\u00bfCuaderno de refulgencias enmarcadas en ciudades?<\/em><\/p>\n<p>A trav\u00e9s de la poes\u00eda, la vida me fue llevando a diferentes lugares. Fui la ganadora absoluta del Premio Cosida Caribe de Italia y de pronto estaba en Reggio Calabria, Roma, recibiendo el galard\u00f3n. Luego, Venecia, Florencia, Luca. Salt\u00e9 a Berl\u00edn, Postean, Atenas, Bolos, Igumenitsa, Par\u00eds y Buenos Aires. Pero, en todas esas metr\u00f3polis, siempre encontraba las calles y el olor de Sancti Sp\u00edritus.<\/p>\n<p><em>\u00bfNarrar el mundo desde el espejismo y el imaginario de la poes\u00eda? <\/em><\/p>\n<p>S\u00ed, entender y contar el mundo. El poeta est\u00e1 destinado a escribir, dejar testimonio. Los hombres y la hierba son iguales en todas partes, pero la poes\u00eda amasa tiempos, estados de \u00e1nimo, voluntades, emociones, alegr\u00edas y dolores.<\/p>\n<p><em>\u00bfQu\u00e9 sensaciones la arroparon en esos desplazamientos? <\/em><\/p>\n<p>El poeta nunca est\u00e1 solo, aunque viaje a parajes desconocidos, tiene memorias de vidas pasadas. En esos itinerarios de ciudad en ciudad, sent\u00ed que toda la Tierra era mi casa. Por ejemplo, en Lungomare de Reggio, Calabria, sent\u00ed, como que estaba en La Habana.<\/p>\n<p><em>\u00bfPoemario que es invocaci\u00f3n y alegato de revelaciones ins\u00f3litas? <\/em><\/p>\n<p>Me atrevo a afirmar que este libro es una especie de viaje de descubrimiento. Me siento creadora de mundos, me declaro inmortal, incansable n\u00f3mada del tiempo. Peregrinar en la poes\u00eda para leer la vida.<\/p>\n<p><strong><img loading=\"lazy\" decoding=\"async\" class=\" wp-image-4558 alignleft\" src=\"https:\/\/grupopiramide.com.mx\/vertice\/wp-content\/uploads\/2024\/02\/Carlos-Olivares-Baro-3.jpg\" alt=\"\" width=\"211\" height=\"201\" srcset=\"https:\/\/grupopiramide.com.mx\/vertice\/wp-content\/uploads\/2024\/02\/Carlos-Olivares-Baro-3.jpg 612w, https:\/\/grupopiramide.com.mx\/vertice\/wp-content\/uploads\/2024\/02\/Carlos-Olivares-Baro-3-63x60.jpg 63w, https:\/\/grupopiramide.com.mx\/vertice\/wp-content\/uploads\/2024\/02\/Carlos-Olivares-Baro-3-600x572.jpg 600w\" sizes=\"auto, (max-width: 211px) 100vw, 211px\" \/>Carlos Olivares<\/strong> Bar\u00f3 (Guant\u00e1namo, Cuba, 1950). Maestro en Ling\u00fc\u00edstica por la Universidad Aut\u00f3noma Metropolitana. Fungi\u00f3 como docente en la Universidad Nuevo Mundo. Trabaja en el diario nacional <em>La Raz\u00f3n<\/em>, en la Ciudad de M\u00e9xico. Ha escrito numerosas cr\u00edticas de arte que figuran en publicaciones del orbe. Es autor de la novela <em>La orfandad del esplendor<\/em>. Carlosolivaresbaro@hotmail.com.<\/p>\n<p>Si le\u00edste esta entrevista, tal vez te interese leer:<\/p>\n<h6 class=\"entry-title\"><a href=\"https:\/\/grupopiramide.com.mx\/vertice\/literatura\/entrevista-las-trans-no-estamos-solas-con-la-escritora-mexicana-frida-cartas\/#:~:text=LITERATURA-,Entrevista%20%7C%20Las%20trans%20no%20estamos%20solas%20%7C%20Con%20la%20escritora%20mexicana%20Frida%20Cartas,-ACTUALIZADA%20EL\">Entrevista | Las trans no estamos solas | Con la escritora mexicana Frida Cartas<\/a><\/h6>\n<div class=\"entry-meta\"><\/div>\n","protected":false},"excerpt":{"rendered":"<p>Carlos Olivares Bar\u00f3 La editora, poeta, narradora, docente y promotora cultural Liudmila Quincoses (Sancti Sp\u00edritus, Cuba, 1975) pone a disposici\u00f3n el cuaderno Escritura de ciudad &hellip; <\/p>\n","protected":false},"author":5,"featured_media":4559,"comment_status":"open","ping_status":"closed","sticky":false,"template":"","format":"standard","meta":{"footnotes":""},"categories":[56,560,6],"tags":[960,397,1393],"class_list":["post-4557","post","type-post","status-publish","format-standard","has-post-thumbnail","hentry","category-entrevista","category-literatura","category-poesia","tag-carlos-olivares-baro","tag-entrevista","tag-liudmila-quincoses","latest_post"],"yoast_head":"<!-- This site is optimized with the Yoast SEO plugin v28.3 - https:\/\/yoast.com\/product\/yoast-seo-wordpress\/ -->\n<title>Entrevista | Peregrinar para leer la vida | Con la escritora cubana Liudmila Quincoces - V\u00e9rtice<\/title>\n<meta name=\"description\" content=\"El maestro Carlos Bar\u00f3 entrevista a la escritora cubana radicada en M\u00e9xico Liudmila Quincoses...\" \/>\n<meta name=\"robots\" content=\"index, follow, max-snippet:-1, max-image-preview:large, max-video-preview:-1\" \/>\n<link rel=\"canonical\" href=\"https:\/\/grupopiramide.com.mx\/vertice\/literatura\/entrevista-peregrinar-para-leer-la-vida-con-la-escritora-cubana-liudmila-quincoces\/\" \/>\n<meta property=\"og:locale\" content=\"es_MX\" \/>\n<meta property=\"og:type\" content=\"article\" \/>\n<meta property=\"og:title\" content=\"Entrevista | Peregrinar para leer la vida | Con la escritora cubana Liudmila Quincoces - V\u00e9rtice\" \/>\n<meta property=\"og:description\" content=\"El maestro Carlos Bar\u00f3 entrevista a la escritora cubana radicada en M\u00e9xico Liudmila Quincoses...\" \/>\n<meta property=\"og:url\" content=\"https:\/\/grupopiramide.com.mx\/vertice\/literatura\/entrevista-peregrinar-para-leer-la-vida-con-la-escritora-cubana-liudmila-quincoces\/\" \/>\n<meta property=\"og:site_name\" content=\"V\u00e9rtice\" \/>\n<meta property=\"article:publisher\" content=\"https:\/\/www.facebook.com\/PiramideQuintanaRoo\/\" \/>\n<meta property=\"article:published_time\" content=\"2024-03-03T11:33:03+00:00\" \/>\n<meta property=\"og:image\" content=\"https:\/\/grupopiramide.com.mx\/vertice\/wp-content\/uploads\/2024\/02\/428640232_7473704822694885_3180575871315659932_n.jpg\" \/>\n\t<meta property=\"og:image:width\" content=\"922\" \/>\n\t<meta property=\"og:image:height\" content=\"1488\" \/>\n\t<meta property=\"og:image:type\" content=\"image\/jpeg\" \/>\n<meta name=\"author\" content=\"Agustin Labrada\" \/>\n<meta name=\"twitter:card\" content=\"summary_large_image\" \/>\n<meta name=\"twitter:creator\" content=\"@PiramideQroo\" \/>\n<meta name=\"twitter:site\" content=\"@PiramideQroo\" \/>\n<meta name=\"twitter:label1\" content=\"Escrito por\" \/>\n\t<meta name=\"twitter:data1\" content=\"Agustin Labrada\" \/>\n\t<meta name=\"twitter:label2\" content=\"Tiempo de lectura\" \/>\n\t<meta name=\"twitter:data2\" content=\"3 minutos\" \/>\n<script type=\"application\/ld+json\" class=\"yoast-schema-graph\">{\"@context\":\"https:\\\/\\\/schema.org\",\"@graph\":[{\"@type\":\"Article\",\"@id\":\"https:\\\/\\\/grupopiramide.com.mx\\\/vertice\\\/literatura\\\/entrevista-peregrinar-para-leer-la-vida-con-la-escritora-cubana-liudmila-quincoces\\\/#article\",\"isPartOf\":{\"@id\":\"https:\\\/\\\/grupopiramide.com.mx\\\/vertice\\\/literatura\\\/entrevista-peregrinar-para-leer-la-vida-con-la-escritora-cubana-liudmila-quincoces\\\/\"},\"author\":{\"name\":\"Agustin Labrada\",\"@id\":\"https:\\\/\\\/grupopiramide.com.mx\\\/vertice\\\/#\\\/schema\\\/person\\\/f03353a2e5600a434b0524b8d35fe856\"},\"headline\":\"Entrevista | Peregrinar para leer la vida | Con la escritora cubana Liudmila Quincoces\",\"datePublished\":\"2024-03-03T11:33:03+00:00\",\"mainEntityOfPage\":{\"@id\":\"https:\\\/\\\/grupopiramide.com.mx\\\/vertice\\\/literatura\\\/entrevista-peregrinar-para-leer-la-vida-con-la-escritora-cubana-liudmila-quincoces\\\/\"},\"wordCount\":613,\"commentCount\":0,\"publisher\":{\"@id\":\"https:\\\/\\\/grupopiramide.com.mx\\\/vertice\\\/#organization\"},\"image\":{\"@id\":\"https:\\\/\\\/grupopiramide.com.mx\\\/vertice\\\/literatura\\\/entrevista-peregrinar-para-leer-la-vida-con-la-escritora-cubana-liudmila-quincoces\\\/#primaryimage\"},\"thumbnailUrl\":\"https:\\\/\\\/grupopiramide.com.mx\\\/vertice\\\/wp-content\\\/uploads\\\/2024\\\/02\\\/428640232_7473704822694885_3180575871315659932_n.jpg\",\"keywords\":[\"Carlos Olivares Bar\u00f3\",\"Entrevista\",\"Liudmila Quincoses\"],\"articleSection\":[\"Entrevista\",\"Literatura\",\"Poes\u00eda\"],\"inLanguage\":\"es\",\"potentialAction\":[{\"@type\":\"CommentAction\",\"name\":\"Comment\",\"target\":[\"https:\\\/\\\/grupopiramide.com.mx\\\/vertice\\\/literatura\\\/entrevista-peregrinar-para-leer-la-vida-con-la-escritora-cubana-liudmila-quincoces\\\/#respond\"]}]},{\"@type\":\"WebPage\",\"@id\":\"https:\\\/\\\/grupopiramide.com.mx\\\/vertice\\\/literatura\\\/entrevista-peregrinar-para-leer-la-vida-con-la-escritora-cubana-liudmila-quincoces\\\/\",\"url\":\"https:\\\/\\\/grupopiramide.com.mx\\\/vertice\\\/literatura\\\/entrevista-peregrinar-para-leer-la-vida-con-la-escritora-cubana-liudmila-quincoces\\\/\",\"name\":\"Entrevista | Peregrinar para leer la vida | Con la escritora cubana Liudmila Quincoces - V\u00e9rtice\",\"isPartOf\":{\"@id\":\"https:\\\/\\\/grupopiramide.com.mx\\\/vertice\\\/#website\"},\"primaryImageOfPage\":{\"@id\":\"https:\\\/\\\/grupopiramide.com.mx\\\/vertice\\\/literatura\\\/entrevista-peregrinar-para-leer-la-vida-con-la-escritora-cubana-liudmila-quincoces\\\/#primaryimage\"},\"image\":{\"@id\":\"https:\\\/\\\/grupopiramide.com.mx\\\/vertice\\\/literatura\\\/entrevista-peregrinar-para-leer-la-vida-con-la-escritora-cubana-liudmila-quincoces\\\/#primaryimage\"},\"thumbnailUrl\":\"https:\\\/\\\/grupopiramide.com.mx\\\/vertice\\\/wp-content\\\/uploads\\\/2024\\\/02\\\/428640232_7473704822694885_3180575871315659932_n.jpg\",\"datePublished\":\"2024-03-03T11:33:03+00:00\",\"description\":\"El maestro Carlos Bar\u00f3 entrevista a la escritora cubana radicada en M\u00e9xico Liudmila Quincoses...\",\"breadcrumb\":{\"@id\":\"https:\\\/\\\/grupopiramide.com.mx\\\/vertice\\\/literatura\\\/entrevista-peregrinar-para-leer-la-vida-con-la-escritora-cubana-liudmila-quincoces\\\/#breadcrumb\"},\"inLanguage\":\"es\",\"potentialAction\":[{\"@type\":\"ReadAction\",\"target\":[\"https:\\\/\\\/grupopiramide.com.mx\\\/vertice\\\/literatura\\\/entrevista-peregrinar-para-leer-la-vida-con-la-escritora-cubana-liudmila-quincoces\\\/\"]}]},{\"@type\":\"ImageObject\",\"inLanguage\":\"es\",\"@id\":\"https:\\\/\\\/grupopiramide.com.mx\\\/vertice\\\/literatura\\\/entrevista-peregrinar-para-leer-la-vida-con-la-escritora-cubana-liudmila-quincoces\\\/#primaryimage\",\"url\":\"https:\\\/\\\/grupopiramide.com.mx\\\/vertice\\\/wp-content\\\/uploads\\\/2024\\\/02\\\/428640232_7473704822694885_3180575871315659932_n.jpg\",\"contentUrl\":\"https:\\\/\\\/grupopiramide.com.mx\\\/vertice\\\/wp-content\\\/uploads\\\/2024\\\/02\\\/428640232_7473704822694885_3180575871315659932_n.jpg\",\"width\":922,\"height\":1488},{\"@type\":\"BreadcrumbList\",\"@id\":\"https:\\\/\\\/grupopiramide.com.mx\\\/vertice\\\/literatura\\\/entrevista-peregrinar-para-leer-la-vida-con-la-escritora-cubana-liudmila-quincoces\\\/#breadcrumb\",\"itemListElement\":[{\"@type\":\"ListItem\",\"position\":1,\"name\":\"Inicio\",\"item\":\"https:\\\/\\\/grupopiramide.com.mx\\\/vertice\\\/\"},{\"@type\":\"ListItem\",\"position\":2,\"name\":\"Entrevista | Peregrinar para leer la vida | Con la escritora cubana Liudmila Quincoces\"}]},{\"@type\":\"WebSite\",\"@id\":\"https:\\\/\\\/grupopiramide.com.mx\\\/vertice\\\/#website\",\"url\":\"https:\\\/\\\/grupopiramide.com.mx\\\/vertice\\\/\",\"name\":\"V\u00e9rtice\",\"description\":\"Letras de Grupo Pir\u00e1mide\",\"publisher\":{\"@id\":\"https:\\\/\\\/grupopiramide.com.mx\\\/vertice\\\/#organization\"},\"potentialAction\":[{\"@type\":\"SearchAction\",\"target\":{\"@type\":\"EntryPoint\",\"urlTemplate\":\"https:\\\/\\\/grupopiramide.com.mx\\\/vertice\\\/?s={search_term_string}\"},\"query-input\":{\"@type\":\"PropertyValueSpecification\",\"valueRequired\":true,\"valueName\":\"search_term_string\"}}],\"inLanguage\":\"es\"},{\"@type\":\"Organization\",\"@id\":\"https:\\\/\\\/grupopiramide.com.mx\\\/vertice\\\/#organization\",\"name\":\"Grupo Pir\u00e1mide\",\"url\":\"https:\\\/\\\/grupopiramide.com.mx\\\/vertice\\\/\",\"logo\":{\"@type\":\"ImageObject\",\"inLanguage\":\"es\",\"@id\":\"https:\\\/\\\/grupopiramide.com.mx\\\/vertice\\\/#\\\/schema\\\/logo\\\/image\\\/\",\"url\":\"https:\\\/\\\/grupopiramide.com.mx\\\/vertice\\\/wp-content\\\/uploads\\\/2021\\\/01\\\/black_logo_piramide.jpg\",\"contentUrl\":\"https:\\\/\\\/grupopiramide.com.mx\\\/vertice\\\/wp-content\\\/uploads\\\/2021\\\/01\\\/black_logo_piramide.jpg\",\"width\":834,\"height\":834,\"caption\":\"Grupo Pir\u00e1mide\"},\"image\":{\"@id\":\"https:\\\/\\\/grupopiramide.com.mx\\\/vertice\\\/#\\\/schema\\\/logo\\\/image\\\/\"},\"sameAs\":[\"https:\\\/\\\/www.facebook.com\\\/PiramideQuintanaRoo\\\/\",\"https:\\\/\\\/x.com\\\/PiramideQroo\"]},{\"@type\":\"Person\",\"@id\":\"https:\\\/\\\/grupopiramide.com.mx\\\/vertice\\\/#\\\/schema\\\/person\\\/f03353a2e5600a434b0524b8d35fe856\",\"name\":\"Agustin Labrada\",\"image\":{\"@type\":\"ImageObject\",\"inLanguage\":\"es\",\"@id\":\"https:\\\/\\\/secure.gravatar.com\\\/avatar\\\/83f93ccbcec2de4a589b72574ebf47c8fdd9c8161e3640da4f0cf3e7fe6121bd?s=96&d=mm&r=g\",\"url\":\"https:\\\/\\\/secure.gravatar.com\\\/avatar\\\/83f93ccbcec2de4a589b72574ebf47c8fdd9c8161e3640da4f0cf3e7fe6121bd?s=96&d=mm&r=g\",\"contentUrl\":\"https:\\\/\\\/secure.gravatar.com\\\/avatar\\\/83f93ccbcec2de4a589b72574ebf47c8fdd9c8161e3640da4f0cf3e7fe6121bd?s=96&d=mm&r=g\",\"caption\":\"Agustin Labrada\"}}]}<\/script>\n<!-- \/ Yoast SEO plugin. -->","yoast_head_json":{"title":"Entrevista | Peregrinar para leer la vida | Con la escritora cubana Liudmila Quincoces - V\u00e9rtice","description":"El maestro Carlos Bar\u00f3 entrevista a la escritora cubana radicada en M\u00e9xico Liudmila Quincoses...","robots":{"index":"index","follow":"follow","max-snippet":"max-snippet:-1","max-image-preview":"max-image-preview:large","max-video-preview":"max-video-preview:-1"},"canonical":"https:\/\/grupopiramide.com.mx\/vertice\/literatura\/entrevista-peregrinar-para-leer-la-vida-con-la-escritora-cubana-liudmila-quincoces\/","og_locale":"es_MX","og_type":"article","og_title":"Entrevista | Peregrinar para leer la vida | Con la escritora cubana Liudmila Quincoces - V\u00e9rtice","og_description":"El maestro Carlos Bar\u00f3 entrevista a la escritora cubana radicada en M\u00e9xico Liudmila Quincoses...","og_url":"https:\/\/grupopiramide.com.mx\/vertice\/literatura\/entrevista-peregrinar-para-leer-la-vida-con-la-escritora-cubana-liudmila-quincoces\/","og_site_name":"V\u00e9rtice","article_publisher":"https:\/\/www.facebook.com\/PiramideQuintanaRoo\/","article_published_time":"2024-03-03T11:33:03+00:00","og_image":[{"width":922,"height":1488,"url":"https:\/\/grupopiramide.com.mx\/vertice\/wp-content\/uploads\/2024\/02\/428640232_7473704822694885_3180575871315659932_n.jpg","type":"image\/jpeg"}],"author":"Agustin Labrada","twitter_card":"summary_large_image","twitter_creator":"@PiramideQroo","twitter_site":"@PiramideQroo","twitter_misc":{"Escrito por":"Agustin Labrada","Tiempo de lectura":"3 minutos"},"schema":{"@context":"https:\/\/schema.org","@graph":[{"@type":"Article","@id":"https:\/\/grupopiramide.com.mx\/vertice\/literatura\/entrevista-peregrinar-para-leer-la-vida-con-la-escritora-cubana-liudmila-quincoces\/#article","isPartOf":{"@id":"https:\/\/grupopiramide.com.mx\/vertice\/literatura\/entrevista-peregrinar-para-leer-la-vida-con-la-escritora-cubana-liudmila-quincoces\/"},"author":{"name":"Agustin Labrada","@id":"https:\/\/grupopiramide.com.mx\/vertice\/#\/schema\/person\/f03353a2e5600a434b0524b8d35fe856"},"headline":"Entrevista | Peregrinar para leer la vida | Con la escritora cubana Liudmila Quincoces","datePublished":"2024-03-03T11:33:03+00:00","mainEntityOfPage":{"@id":"https:\/\/grupopiramide.com.mx\/vertice\/literatura\/entrevista-peregrinar-para-leer-la-vida-con-la-escritora-cubana-liudmila-quincoces\/"},"wordCount":613,"commentCount":0,"publisher":{"@id":"https:\/\/grupopiramide.com.mx\/vertice\/#organization"},"image":{"@id":"https:\/\/grupopiramide.com.mx\/vertice\/literatura\/entrevista-peregrinar-para-leer-la-vida-con-la-escritora-cubana-liudmila-quincoces\/#primaryimage"},"thumbnailUrl":"https:\/\/grupopiramide.com.mx\/vertice\/wp-content\/uploads\/2024\/02\/428640232_7473704822694885_3180575871315659932_n.jpg","keywords":["Carlos Olivares Bar\u00f3","Entrevista","Liudmila Quincoses"],"articleSection":["Entrevista","Literatura","Poes\u00eda"],"inLanguage":"es","potentialAction":[{"@type":"CommentAction","name":"Comment","target":["https:\/\/grupopiramide.com.mx\/vertice\/literatura\/entrevista-peregrinar-para-leer-la-vida-con-la-escritora-cubana-liudmila-quincoces\/#respond"]}]},{"@type":"WebPage","@id":"https:\/\/grupopiramide.com.mx\/vertice\/literatura\/entrevista-peregrinar-para-leer-la-vida-con-la-escritora-cubana-liudmila-quincoces\/","url":"https:\/\/grupopiramide.com.mx\/vertice\/literatura\/entrevista-peregrinar-para-leer-la-vida-con-la-escritora-cubana-liudmila-quincoces\/","name":"Entrevista | Peregrinar para leer la vida | Con la escritora cubana Liudmila Quincoces - V\u00e9rtice","isPartOf":{"@id":"https:\/\/grupopiramide.com.mx\/vertice\/#website"},"primaryImageOfPage":{"@id":"https:\/\/grupopiramide.com.mx\/vertice\/literatura\/entrevista-peregrinar-para-leer-la-vida-con-la-escritora-cubana-liudmila-quincoces\/#primaryimage"},"image":{"@id":"https:\/\/grupopiramide.com.mx\/vertice\/literatura\/entrevista-peregrinar-para-leer-la-vida-con-la-escritora-cubana-liudmila-quincoces\/#primaryimage"},"thumbnailUrl":"https:\/\/grupopiramide.com.mx\/vertice\/wp-content\/uploads\/2024\/02\/428640232_7473704822694885_3180575871315659932_n.jpg","datePublished":"2024-03-03T11:33:03+00:00","description":"El maestro Carlos Bar\u00f3 entrevista a la escritora cubana radicada en M\u00e9xico Liudmila Quincoses...","breadcrumb":{"@id":"https:\/\/grupopiramide.com.mx\/vertice\/literatura\/entrevista-peregrinar-para-leer-la-vida-con-la-escritora-cubana-liudmila-quincoces\/#breadcrumb"},"inLanguage":"es","potentialAction":[{"@type":"ReadAction","target":["https:\/\/grupopiramide.com.mx\/vertice\/literatura\/entrevista-peregrinar-para-leer-la-vida-con-la-escritora-cubana-liudmila-quincoces\/"]}]},{"@type":"ImageObject","inLanguage":"es","@id":"https:\/\/grupopiramide.com.mx\/vertice\/literatura\/entrevista-peregrinar-para-leer-la-vida-con-la-escritora-cubana-liudmila-quincoces\/#primaryimage","url":"https:\/\/grupopiramide.com.mx\/vertice\/wp-content\/uploads\/2024\/02\/428640232_7473704822694885_3180575871315659932_n.jpg","contentUrl":"https:\/\/grupopiramide.com.mx\/vertice\/wp-content\/uploads\/2024\/02\/428640232_7473704822694885_3180575871315659932_n.jpg","width":922,"height":1488},{"@type":"BreadcrumbList","@id":"https:\/\/grupopiramide.com.mx\/vertice\/literatura\/entrevista-peregrinar-para-leer-la-vida-con-la-escritora-cubana-liudmila-quincoces\/#breadcrumb","itemListElement":[{"@type":"ListItem","position":1,"name":"Inicio","item":"https:\/\/grupopiramide.com.mx\/vertice\/"},{"@type":"ListItem","position":2,"name":"Entrevista | Peregrinar para leer la vida | Con la escritora cubana Liudmila Quincoces"}]},{"@type":"WebSite","@id":"https:\/\/grupopiramide.com.mx\/vertice\/#website","url":"https:\/\/grupopiramide.com.mx\/vertice\/","name":"V\u00e9rtice","description":"Letras de Grupo Pir\u00e1mide","publisher":{"@id":"https:\/\/grupopiramide.com.mx\/vertice\/#organization"},"potentialAction":[{"@type":"SearchAction","target":{"@type":"EntryPoint","urlTemplate":"https:\/\/grupopiramide.com.mx\/vertice\/?s={search_term_string}"},"query-input":{"@type":"PropertyValueSpecification","valueRequired":true,"valueName":"search_term_string"}}],"inLanguage":"es"},{"@type":"Organization","@id":"https:\/\/grupopiramide.com.mx\/vertice\/#organization","name":"Grupo Pir\u00e1mide","url":"https:\/\/grupopiramide.com.mx\/vertice\/","logo":{"@type":"ImageObject","inLanguage":"es","@id":"https:\/\/grupopiramide.com.mx\/vertice\/#\/schema\/logo\/image\/","url":"https:\/\/grupopiramide.com.mx\/vertice\/wp-content\/uploads\/2021\/01\/black_logo_piramide.jpg","contentUrl":"https:\/\/grupopiramide.com.mx\/vertice\/wp-content\/uploads\/2021\/01\/black_logo_piramide.jpg","width":834,"height":834,"caption":"Grupo Pir\u00e1mide"},"image":{"@id":"https:\/\/grupopiramide.com.mx\/vertice\/#\/schema\/logo\/image\/"},"sameAs":["https:\/\/www.facebook.com\/PiramideQuintanaRoo\/","https:\/\/x.com\/PiramideQroo"]},{"@type":"Person","@id":"https:\/\/grupopiramide.com.mx\/vertice\/#\/schema\/person\/f03353a2e5600a434b0524b8d35fe856","name":"Agustin Labrada","image":{"@type":"ImageObject","inLanguage":"es","@id":"https:\/\/secure.gravatar.com\/avatar\/83f93ccbcec2de4a589b72574ebf47c8fdd9c8161e3640da4f0cf3e7fe6121bd?s=96&d=mm&r=g","url":"https:\/\/secure.gravatar.com\/avatar\/83f93ccbcec2de4a589b72574ebf47c8fdd9c8161e3640da4f0cf3e7fe6121bd?s=96&d=mm&r=g","contentUrl":"https:\/\/secure.gravatar.com\/avatar\/83f93ccbcec2de4a589b72574ebf47c8fdd9c8161e3640da4f0cf3e7fe6121bd?s=96&d=mm&r=g","caption":"Agustin Labrada"}}]}},"_links":{"self":[{"href":"https:\/\/grupopiramide.com.mx\/vertice\/wp-json\/wp\/v2\/posts\/4557","targetHints":{"allow":["GET"]}}],"collection":[{"href":"https:\/\/grupopiramide.com.mx\/vertice\/wp-json\/wp\/v2\/posts"}],"about":[{"href":"https:\/\/grupopiramide.com.mx\/vertice\/wp-json\/wp\/v2\/types\/post"}],"author":[{"embeddable":true,"href":"https:\/\/grupopiramide.com.mx\/vertice\/wp-json\/wp\/v2\/users\/5"}],"replies":[{"embeddable":true,"href":"https:\/\/grupopiramide.com.mx\/vertice\/wp-json\/wp\/v2\/comments?post=4557"}],"version-history":[{"count":2,"href":"https:\/\/grupopiramide.com.mx\/vertice\/wp-json\/wp\/v2\/posts\/4557\/revisions"}],"predecessor-version":[{"id":4561,"href":"https:\/\/grupopiramide.com.mx\/vertice\/wp-json\/wp\/v2\/posts\/4557\/revisions\/4561"}],"wp:featuredmedia":[{"embeddable":true,"href":"https:\/\/grupopiramide.com.mx\/vertice\/wp-json\/wp\/v2\/media\/4559"}],"wp:attachment":[{"href":"https:\/\/grupopiramide.com.mx\/vertice\/wp-json\/wp\/v2\/media?parent=4557"}],"wp:term":[{"taxonomy":"category","embeddable":true,"href":"https:\/\/grupopiramide.com.mx\/vertice\/wp-json\/wp\/v2\/categories?post=4557"},{"taxonomy":"post_tag","embeddable":true,"href":"https:\/\/grupopiramide.com.mx\/vertice\/wp-json\/wp\/v2\/tags?post=4557"}],"curies":[{"name":"wp","href":"https:\/\/api.w.org\/{rel}","templated":true}]}}