{"id":1859,"date":"2022-04-03T08:00:06","date_gmt":"2022-04-03T13:00:06","guid":{"rendered":"https:\/\/vertice.grupopiramide.com.mx\/?p=1859"},"modified":"2022-04-02T13:50:22","modified_gmt":"2022-04-02T18:50:22","slug":"historia-un-trimotor-en-la-memoria-lazaro-cardenas-y-sus-visitas-a-quintana-roo","status":"publish","type":"post","link":"https:\/\/grupopiramide.com.mx\/vertice\/literatura\/articulos\/historia-un-trimotor-en-la-memoria-lazaro-cardenas-y-sus-visitas-a-quintana-roo\/","title":{"rendered":"Historia | Un trimotor en la memoria: L\u00e1zaro C\u00e1rdenas y sus visitas a Quintana Roo"},"content":{"rendered":"<h3>El escritor David Anuar hizo un ensayo sobre la visita del presidente C\u00e1rdenas a Quintana Roo, en la d\u00e9cada del 30, cuando tuvo una primera y accidentada experiencia en un avi\u00f3n trimotor, para regresar a\u00f1os despu\u00e9s por barco.<\/h3>\n<h3>C\u00e1rdenas fue clave para conocer a fondo el estado y el texto es una breve muestra de la tesis con la que Anuar obtuvo, en 2019, el Premio Francisco Javier Clavijero a la mejor tesis de maestr\u00eda en historia otorgado por el INAH a nivel nacional. La tesis todav\u00eda no ha sido impresa.<\/h3>\n<h3><\/h3>\n<p>Por <a href=\"https:\/\/www.facebook.com\/davidanuar.gonzalezvazquez\">David Anuar<\/a><\/p>\n<p>&nbsp;<\/p>\n<p>El 22 de diciembre de 1936, probablemente en un d\u00eda fr\u00edo de la Ciudad de M\u00e9xico, lleg\u00f3 un proyecto peculiar a las manos del presidente <strong>L\u00e1zaro C\u00e1rdenas del R\u00edo<\/strong>. Poco menos de media docena de hojas membretadas con el rimbombante t\u00edtulo de \u201c<strong>Expedici\u00f3n Cient\u00edfica Exploradora Mexicana<\/strong> (Sureste de la Rep\u00fablica y Centroam\u00e9rica)\u201d.<a href=\"#_ftn1\" name=\"_ftnref1\">[1]<\/a><\/p>\n<p>Quien pon\u00eda esta propuesta en manos del presidente C\u00e1rdenas era nada m\u00e1s y nada menos que su mentor intelectual, amigo \u00edntimo y secretario de Comunicaciones, <strong>Francisco J. M\u00fagica<\/strong>. Adem\u00e1s del membretado que daba nombre a la iniciativa, en el costado superior derecho aparec\u00eda con santo y se\u00f1a el art\u00edfice de la misma, el poeta yucateco <strong>Luis Rosado Vega, famoso compositor de la canci\u00f3n \u201cPeregrina\u201d,<\/strong> y entonces director del Museo Arqueol\u00f3gico e Hist\u00f3rico de Yucat\u00e1n. Me pregunto qu\u00e9 pens\u00f3 el presidente L\u00e1zaro C\u00e1rdenas al tener ese proyecto entre sus manos. \u00bfQu\u00e9 ten\u00eda \u00e9l que ver con la arqueolog\u00eda del pa\u00eds?<\/p>\n<p>Si bien en aquella \u00e9poca no exist\u00eda el Instituto Nacional de Antropolog\u00eda e Historia (INAH), s\u00ed estaban en el mapa nacional otras instituciones que cumpl\u00edan funciones similares, como la Direcci\u00f3n de Monumentos Prehisp\u00e1nicos de la Secretar\u00eda de Educaci\u00f3n P\u00fablica o el prestigios\u00edsimo Museo Nacional de Arqueolog\u00eda, Historia y Etnograf\u00eda. \u00bfSer\u00e1 que pens\u00f3 en desechar la iniciativa?, \u00bfo pedir que fuera sometida ante una instancia distinta y especializada en la materia?, \u00bfpod\u00eda desairar la propuesta que llegaba a sus manos por conducto y recomendaci\u00f3n de su mano derecha e \u00edntimo amigo Francisco J. M\u00fagica?, \u00bfno hab\u00eda en todo esto algo as\u00ed como un conflicto de intereses y de afectos?<\/p>\n<p>Tal vez, nada de esto pas\u00f3 por los pensamientos del entonces presidente L\u00e1zaro C\u00e1rdenas. Quiz\u00e1 s\u00f3lo vino a su mente un recuerdo, entra\u00f1able y al mismo tiempo aciago. Cuenta el cronista Francisco Bautista P\u00e9rez en su libro <em>Quintana Roo, anatom\u00eda de su historia <\/em>una an\u00e9cdota sobre la visita de L\u00e1zaro C\u00e1rdenas a Payo Obispo (nombre que en aquel entonces ten\u00eda la ciudad de Chetumal). El 19 de marzo de 1934, como parte de su campa\u00f1a electoral, el entonces candidato a la presidencia vol\u00f3 en un platinado trimotor Ford del campo a\u00e9reo de la ciudad de M\u00e9rida a Payo Obispo.<\/p>\n<p>Es bien conocido el hecho de que L\u00e1zaro C\u00e1rdenas realiz\u00f3 a lo largo de su vida, de forma casi sistem\u00e1tica, apuntes de todo aquello que consideraba relevante de su d\u00eda a d\u00eda. Echando mano de ese conocimiento y quiz\u00e1, s\u00f3lo quiz\u00e1, aderezando su pluma con algo de ficci\u00f3n, Francisco Bautista P\u00e9rez sugiere que las anotaciones de C\u00e1rdenas aquella ma\u00f1ana de marzo se enfocaron en el paisaje, lagunas, tropicales bosques, humedales, y tambi\u00e9n en la cualidad de los vientos, que C\u00e1rdenas tradujo en la siguiente nota: \u201cBaila el aparato\u201d.<a href=\"#_ftn2\" name=\"_ftnref2\">[2]<\/a><\/p>\n<p>&nbsp;<\/p>\n<h3>El comit\u00e9 proterritorio de Quintana Roo<\/h3>\n<p><img decoding=\"async\" src=\"https:\/\/miaguilucho.files.wordpress.com\/2012\/10\/imagen-16.jpg\" alt=\"Acta Constitutiva del Comit\u00e9 Pro Territorio Federal de Quintana Roo | El Espacio de Mario\" \/><\/p>\n<p>Una hora despu\u00e9s, el <strong>platinado trimotor aterrizaba sin inconvenientes en Payo Obispo<\/strong>, Campeche, donde C\u00e1rdenas fue recibido por una multitud que lo esperaba desde las 8 de la ma\u00f1ana. S\u00ed, leyeron bien, Campeche. Durante la presidencia de <strong>Pascual Ortiz Rubio<\/strong>, por distintos motivos pol\u00edticos que fueron disfrazados de argumentos econ\u00f3micos (la onerosa administraci\u00f3n del Territorio \u201ccostaba mucho\u201d al erario federal), el Territorio de Quintana Roo fue suprimido como entidad pol\u00edtica y dividido entre Campeche y Yucat\u00e1n a trav\u00e9s de un decreto fechado el 17 de diciembre de 1931. A este periodo se le ha conocido popularmente como el desmembramiento de Quintana Roo.<\/p>\n<p>Ante esos hechos, surgi\u00f3 un movimiento social y pol\u00edtico conocido como <strong>Comit\u00e9 Pro-Territorio de Quintana Roo<\/strong>, cuya principal demanda era la restauraci\u00f3n del Territorio como entidad de la federaci\u00f3n, as\u00ed como la posibilidad de elegir a sus diputados y autoridades locales (pues usualmente eran impuestos, ya fuese por el centro del pa\u00eds o por Yucat\u00e1n o Campeche, seg\u00fan las aguas y los vientos del momento). Sin embargo, el presidente Pascual Ortiz Rubio hizo o\u00eddos sordos.<\/p>\n<p>Poco m\u00e1s de dos a\u00f1os hab\u00edan pasado desde la supresi\u00f3n del Territorio cuando L\u00e1zaro C\u00e1rdenas visit\u00f3 Payo Obispo. Con este trasfondo, se explica la multitud que recibi\u00f3 al candidato con pancartas y un discurso en pro de la restituci\u00f3n de Quintana Roo pronunciado por Baltasar P. Gonz\u00e1lez frente al candidato y futuro presidente de la Rep\u00fablica. C\u00e1rdenas, despu\u00e9s de un silencio largo y tenso, dijo que, en caso de ganar, una de sus primeras acciones de gobierno ser\u00eda restaurar el Territorio Federal de Quintana Roo.<\/p>\n<p>Como sabemos, <strong>C\u00e1rdenas cumpli\u00f3 su promesa<\/strong> menos de un a\u00f1o despu\u00e9s: <strong>el 11 de enero de 1935 emiti\u00f3 un decreto donde reincorporaba el Territorio Federal de Quintana Roo<\/strong>. Por si fuera poco, en ese lunes 19 de marzo de 1934, animados por C\u00e1rdenas y con la anuencia del gobernador de Campeche (seguramente m\u00e1s a rega\u00f1adientes que de buena gana), los habitantes de Payo Obispo llevaron a cabo un plebiscito para la elecci\u00f3n de su diputado local en el Parque Hidalgo.<a href=\"#_ftn3\" name=\"_ftnref3\">[3]<\/a><\/p>\n<p>A las 12:50 de ese mismo d\u00eda, el candidato presidencial volv\u00eda a subir al platinado trimotor Ford. Durante el vuelo, seg\u00fan nos vuelve a relatar el cronista <strong>Francisco Bautista P\u00e9rez<\/strong>, <strong>un norte embisti\u00f3 a la aeronave<\/strong>, y si pudi\u00e9ramos echar una ojeada sobre el hombro de C\u00e1rdenas en aquel instante, tal vez ver\u00edamos su letra m\u00e1s apretada, nerviosa, sentenciar\u00eda un perito en taquigraf\u00eda. De nuevo, C\u00e1rdenas tradujo la intensidad de lo vientos en otra nota: \u201cFuerte norte. Baila el trimotor\u201d. Y un poco despu\u00e9s a\u00f1adi\u00f3: \u201cContin\u00faa con su jarana el trimotor\u201d. El general L\u00e1zaro C\u00e1rdenas, alto, fuerte, aficionado a los caballos y su trote, militar revolucionario, bosquej\u00f3 en su libreta, en la intimidad de las l\u00edneas, su miedo a los aviones.<\/p>\n<p>Con las hojas del proyecto entre sus manos, la voz de su amigo M\u00fagica lo devolvi\u00f3 a la fr\u00eda estancia de Palacio Nacional donde C\u00e1rdenas despachaba. No sabemos si record\u00f3 el miedo que sinti\u00f3 durante aquel vuelo, la emoci\u00f3n de corregir una injusticia como la perpetuada por Pascual Ortiz Rubio, o simple y sencillamente tuvo un inter\u00e9s genuino por la arqueolog\u00eda y la investigaci\u00f3n cient\u00edfica. Lo cierto es que el presidente L\u00e1zaro C\u00e1rdenas aprob\u00f3 y apoy\u00f3 el proyecto de Luis Rosado Vega.<\/p>\n<h3>Preocupaci\u00f3n por los grupos ind\u00edgenas<\/h3>\n<p><img decoding=\"async\" class=\"alignleft\" src=\"https:\/\/www.cancunadventure.net\/images\/mayanruins\/tulum.jpg\" alt=\"Tul\u00fam Ruina Mayas | Cancun Adventure Tours\" \/><\/p>\n<p>La Expedici\u00f3n Cient\u00edfica Mexicana (este fue el nombre oficial de la iniciativa) tuvo una duraci\u00f3n de siete meses \u2013de junio a diciembre de 1937\u2013, en los cuales se efectuaron un total de cinco rutas de exploraci\u00f3n que incluyeron trabajos en Veracruz, el Territorio de Quintana Roo y Centroam\u00e9rica.<\/p>\n<p>El peso de los estudios recay\u00f3 en la arqueolog\u00eda, pues la Expedici\u00f3n recorri\u00f3 m\u00e1s de 60 sitios en Quintana Roo, y descubri\u00f3 m\u00e1s de 30 zonas inexploradas.<\/p>\n<p>Entre sus trabajos m\u00e1s importantes estuvieron la <strong>primera reconstrucci\u00f3n del sitio arqueol\u00f3gico de Tulum<\/strong> y la preservaci\u00f3n de sus pinturas murales a cargo del arque\u00f3logo mexicano <strong>Miguel \u00c1ngel Fern\u00e1ndez.<\/strong><\/p>\n<p>La iniciativa lleg\u00f3 a su fin en 1938 en la Ciudad de M\u00e9xico con una exposici\u00f3n en \u201cel sal\u00f3n m\u00e1s bello\u201d de la Secretar\u00eda de Comunicaciones y Obras P\u00fablicas, y m\u00e1s tarde en el Palacio de Bellas Artes.<\/p>\n<p>El gobierno de L\u00e1zaro C\u00e1rdenas es muy conocido por eventos trascendentales de nuestra historia nacional como la Expropiaci\u00f3n Petrolera o el impulso may\u00fasculo que dio a la Reforma Agraria a trav\u00e9s de la repartici\u00f3n ejidal de antiguas haciendas y latifundios. Sin embargo, durante la presidencia de C\u00e1rdenas, \u00e9ste realiz\u00f3 otras acciones importantes aunque menos conocidas: su preocupaci\u00f3n por los grupos ind\u00edgenas del pa\u00eds, lo que se tradujo en distintas iniciativas como los Internados Ind\u00edgenas (uno de los cuales oper\u00f3 en Quintana Roo), su fomento al conocimiento t\u00e9cnico cient\u00edfico y, por otro lado, un contante y sonante inter\u00e9s por los Territorios Federales de Quintana Roo y Baja California, a tal grado que dedic\u00f3 un discurso y medidas especiales para ellos. As\u00ed, el apoyo de L\u00e1zaro C\u00e1rdenas a la Expedici\u00f3n articul\u00f3 varios de sus intereses que, adem\u00e1s, nos muestran otro rostro del presidente que suele quedar a la sombra de los grandes acontecimientos de su gobierno.<\/p>\n<p>En agosto de 1937 C\u00e1rdenas ten\u00eda programado un viaje para conocer los hallazgos de la Expedici\u00f3n y conocer el Territorio a sus anchas, cosa que no hab\u00eda podido hacer en su primera visita cuya duraci\u00f3n no hab\u00eda rebasado las 4 horas. Sin embargo, en un telegrama fechado el 23 de agosto, <strong>Luis Rosado Vega<\/strong> expresaba su desaz\u00f3n ante la cancelaci\u00f3n del viaje. \u00bfPor qu\u00e9 no fue C\u00e1rdenas a Quintana Roo?, \u00bfa caso el recuerdo de aquel aciago vuelo lo acechaba?, \u00bfsent\u00eda p\u00e1nico a los aires del Caribe? Poco veros\u00edmiles son estas ideas. C\u00e1rdenas, aunque pudiera sentir miedo como cualquier otro ser humano, definitivamente no era cobarde, como lo demostr\u00f3 reiteradamente en su actuaci\u00f3n pol\u00edtica y personal al enfrentarse con las compa\u00f1\u00edas extranjeras durante la Expropiaci\u00f3n o al ponerse al t\u00fa por t\u00fa con el mism\u00edsimo Jefe M\u00e1ximo de la Revoluci\u00f3n: <strong>Plutarco El\u00edas Calles<\/strong>.<\/p>\n<p>Las razones por las cuales C\u00e1rdenas no asisti\u00f3 a Quintana Roo en agosto de 1937 se encuentran en otro lado muy distinto. En esas mismas fechas, el presidente se encontraba en M\u00e9rida, llevando a cabo la Cruzada del Mayab, es decir, la expropiaci\u00f3n de las haciendas henequeneras. Sin embargo, su iniciativa encontr\u00f3 much\u00edsima resistencia en la conservadora sociedad yucateca, por lo cual tuvo que permanecer m\u00e1s tiempo en esa entidad para atender personalmente el asunto y, en consecuencia, no pudo asistir a la cita pactada con la Expedici\u00f3n y el Territorio.<\/p>\n<h3>Expedici\u00f3n por barco<\/h3>\n<p><img decoding=\"async\" class=\"alignright\" src=\"https:\/\/images.reporteindigo.com\/wp-content\/uploads\/2019\/10\/cardenas-espan%CC%83oles-1.jpg\" alt=\"L\u00e1zaro C\u00e1rdenas, el presidente que dio asilo a los espa\u00f1oles que hu\u00edan del franquismo\" \/><\/p>\n<p>La historia de L\u00e1zaro C\u00e1rdenas con Quintana Roo no acaba en una visita frustrada. A finales de 1939, el primer mandatario hizo una gira por todo el Territorio del 27 de noviembre al 8 de diciembre. Para la tranquilidad del presidente, esta vez el medio de transporte no fue un trimotor Ford sino el barco de guerra \u201c<strong>Durango<\/strong>\u201d, que hab\u00eda sido adaptado para uso presidencial, una peque\u00f1a mansi\u00f3n flotante, seg\u00fan la opini\u00f3n de algunas mujeres xcalaque\u00f1as que fueron invitadas a conocer el nav\u00edo.<\/p>\n<p>La gira inici\u00f3 en Isla Mujeres, pasando por Cozumel, Tulum, Tankah, Xcalak, Chetumal, Bacalar, las poblaciones en las m\u00e1rgenes del R\u00edo Hondo para concluir en Felipe Carrillo Puerto. En esta gira acontecieron muchas an\u00e9cdotas dignas de menci\u00f3n, pero quisiera concluir este texto con una imagen que me parece entra\u00f1able y poco conocida. Cito el testimonio de una de las xcalaque\u00f1as antes mencionadas: \u201ccuando lleg\u00f3 C\u00e1rdenas lo llevamos a la escuela y dijo que \u00e9l no aceptaba ese banquete de ninguna forma, que \u00e9l no quer\u00eda ese banquete ah\u00ed porque de eso en M\u00e9xico estaba fastidiado. \u00c9l quer\u00eda una cosa campestre bajo los cocos que se llevaran todas las mesas debajo de los cocos, a la orilla del mar.\u201d<a href=\"#_ftn4\" name=\"_ftnref4\">[4]<\/a><\/p>\n<p>As\u00ed me gusta imaginar a C\u00e1rdenas, a orillas del mar Caribe, cubierto por el frescor de las palmeras, kil\u00f3metros de altas palmeras verdes, y el sonido de las olas frente \u00e9l; y \u00e9l sorbiendo el agua de un coco reci\u00e9n abierto y con un cuenco de ceviche y mariscada, frutos de la mar nuestra para el presidente que le devolvi\u00f3 a Quintana Roo el peso espec\u00edfico de su existencia pol\u00edtica.<\/p>\n<p><em>29 de marzo de 2022<\/em><\/p>\n<p><img decoding=\"async\" class=\"alignleft\" src=\"https:\/\/i0.wp.com\/grupopiramide.com.mx\/vertice\/wp-content\/uploads\/2020\/10\/Anuar.jpg?resize=164%2C164&amp;ssl=1\" alt=\"Poes\u00eda\" \/><\/p>\n<p><strong>David Anuar (Canc\u00fan, Q. Roo, 1989).<\/strong> Historiador, poeta y traductor. Licenciado en Literatura Latinoamericana (UADY, 2013) y maestro en Historia (CIESAS, 2018). Becario del PECDA (2012, 2015) y de la Fundaci\u00f3n para las Letras Mexicanas (2018-2020). Ganador del Concurso de Cuento Corto Juan de la Cabada (2011), del Premio Francisco Javier Clavijero a la mejor tesis de historia (2019), del Premio Estatal de Poes\u00eda Tiempos de Escritura (2020), del Premio Nacional de Literatura Joven Salvador Gallardo D\u00e1valos (2020), y del Certamen de ensayo Luis Alberto Arellano (2021). Autor de varios libros, entre ellos, <em>Memoria de Gabuch<\/em> (ICAQROO, 2020) y <em>Alguien hunde mi cabeza <\/em>(Mantis Editores, 2021).<\/p>\n<p>&nbsp;<\/p>\n<p><a href=\"#_ftnref1\" name=\"_ftn1\">[1]<\/a> Actualmente se puede consultar el proyecto en el Archivo General de la Naci\u00f3n, Fondo L\u00e1zaro C\u00e1rdenas, Caja 746, Expediente 535-16.<\/p>\n<p><a href=\"#_ftnref2\" name=\"_ftn2\">[2]<\/a> Francisco Bautista P\u00e9rez, <em>Quintana Roo, anatom\u00eda de su historia, <\/em>Chetumal: Secretar\u00eda de Turismo del Gobierno del Estado de Quintana Roo, 1993.<\/p>\n<p><a href=\"#_ftnref3\" name=\"_ftn3\">[3]<\/a> Antonio Higuera Bonfil, <em>Historias y Hombres: El Comit\u00e9 Pro-Territorio de Quintana Roo<\/em>, Chetumal: Fondo de Publicaciones del Gobierno de Quintana Roo, 1992.<\/p>\n<p>El sal\u00f3n m\u00e1s bello<\/p>\n<p><a href=\"#_ftnref4\" name=\"_ftn4\">[4]<\/a> Tomado de Antonio Higuera Bonfil, <em>Historias y Hombres: El Comit\u00e9 Pro-Territorio de Quintana Roo<\/em>, Chetumal: Fondo de Publicaciones del Gobierno de Quintana Roo, 1992, p. 54. Esta misma an\u00e9cdota, aunque abreviada, es relatada por Luis Rosado Vega en <em>Un pueblo y un hombre, <\/em>Ciudad de M\u00e9xico: Mijares y Hno. Impresores, 1940, p. 369.<\/p>\n","protected":false},"excerpt":{"rendered":"<p>El escritor David Anuar hizo un ensayo sobre la visita del presidente C\u00e1rdenas a Quintana Roo, en la d\u00e9cada del 30, cuando tuvo una primera &hellip; <\/p>\n","protected":false},"author":2,"featured_media":1860,"comment_status":"open","ping_status":"closed","sticky":false,"template":"","format":"standard","meta":{"footnotes":""},"categories":[9,20],"tags":[67,634,632,633],"class_list":["post-1859","post","type-post","status-publish","format-standard","has-post-thumbnail","hentry","category-articulos","category-resena","tag-david-anuar","tag-expedicion-cientifica-exploradora-mexicana","tag-francisco-j-mugica","tag-lazaro-cardenas-del-rio","latest_post"],"yoast_head":"<!-- This site is optimized with the Yoast SEO plugin v28.4 - https:\/\/yoast.com\/product\/yoast-seo-wordpress\/ -->\n<title>Historia | Un trimotor en la memoria: L\u00e1zaro C\u00e1rdenas y sus visitas a Quintana Roo - V\u00e9rtice<\/title>\n<meta name=\"description\" content=\"Historia | Un trimotor en la memoria: L\u00e1zaro C\u00e1rdenas y sus visitas a Quintana Roo, rese\u00f1a del escritor David Anuar.\" \/>\n<meta name=\"robots\" content=\"index, follow, max-snippet:-1, max-image-preview:large, max-video-preview:-1\" \/>\n<link rel=\"canonical\" href=\"https:\/\/grupopiramide.com.mx\/vertice\/literatura\/articulos\/historia-un-trimotor-en-la-memoria-lazaro-cardenas-y-sus-visitas-a-quintana-roo\/\" \/>\n<meta property=\"og:locale\" content=\"es_MX\" \/>\n<meta property=\"og:type\" content=\"article\" \/>\n<meta property=\"og:title\" content=\"Historia | Un trimotor en la memoria: L\u00e1zaro C\u00e1rdenas y sus visitas a Quintana Roo - V\u00e9rtice\" \/>\n<meta property=\"og:description\" content=\"Historia | Un trimotor en la memoria: L\u00e1zaro C\u00e1rdenas y sus visitas a Quintana Roo, rese\u00f1a del escritor David Anuar.\" \/>\n<meta property=\"og:url\" content=\"https:\/\/grupopiramide.com.mx\/vertice\/literatura\/articulos\/historia-un-trimotor-en-la-memoria-lazaro-cardenas-y-sus-visitas-a-quintana-roo\/\" \/>\n<meta property=\"og:site_name\" content=\"V\u00e9rtice\" \/>\n<meta property=\"article:publisher\" content=\"https:\/\/www.facebook.com\/PiramideQuintanaRoo\/\" \/>\n<meta property=\"article:published_time\" content=\"2022-04-03T13:00:06+00:00\" \/>\n<meta property=\"og:image\" content=\"https:\/\/grupopiramide.com.mx\/vertice\/wp-content\/uploads\/2022\/04\/img20220331_13240118-scaled.jpg\" \/>\n\t<meta property=\"og:image:width\" content=\"2560\" \/>\n\t<meta property=\"og:image:height\" content=\"1498\" \/>\n\t<meta property=\"og:image:type\" content=\"image\/jpeg\" \/>\n<meta name=\"author\" content=\"Luciano N\u00fa\u00f1ez\" \/>\n<meta name=\"twitter:card\" content=\"summary_large_image\" \/>\n<meta name=\"twitter:creator\" content=\"@PiramideQroo\" \/>\n<meta name=\"twitter:site\" content=\"@PiramideQroo\" \/>\n<meta name=\"twitter:label1\" content=\"Escrito por\" \/>\n\t<meta name=\"twitter:data1\" content=\"Luciano N\u00fa\u00f1ez\" \/>\n\t<meta name=\"twitter:label2\" content=\"Tiempo de lectura\" \/>\n\t<meta name=\"twitter:data2\" content=\"11 minutos\" \/>\n<script type=\"application\/ld+json\" class=\"yoast-schema-graph\">{\"@context\":\"https:\\\/\\\/schema.org\",\"@graph\":[{\"@type\":\"Article\",\"@id\":\"https:\\\/\\\/grupopiramide.com.mx\\\/vertice\\\/literatura\\\/articulos\\\/historia-un-trimotor-en-la-memoria-lazaro-cardenas-y-sus-visitas-a-quintana-roo\\\/#article\",\"isPartOf\":{\"@id\":\"https:\\\/\\\/grupopiramide.com.mx\\\/vertice\\\/literatura\\\/articulos\\\/historia-un-trimotor-en-la-memoria-lazaro-cardenas-y-sus-visitas-a-quintana-roo\\\/\"},\"author\":{\"name\":\"Luciano N\u00fa\u00f1ez\",\"@id\":\"https:\\\/\\\/grupopiramide.com.mx\\\/vertice\\\/#\\\/schema\\\/person\\\/ed6b1459ef4f702018b45fad871b53e3\"},\"headline\":\"Historia | Un trimotor en la memoria: L\u00e1zaro C\u00e1rdenas y sus visitas a Quintana Roo\",\"datePublished\":\"2022-04-03T13:00:06+00:00\",\"mainEntityOfPage\":{\"@id\":\"https:\\\/\\\/grupopiramide.com.mx\\\/vertice\\\/literatura\\\/articulos\\\/historia-un-trimotor-en-la-memoria-lazaro-cardenas-y-sus-visitas-a-quintana-roo\\\/\"},\"wordCount\":2350,\"commentCount\":0,\"publisher\":{\"@id\":\"https:\\\/\\\/grupopiramide.com.mx\\\/vertice\\\/#organization\"},\"image\":{\"@id\":\"https:\\\/\\\/grupopiramide.com.mx\\\/vertice\\\/literatura\\\/articulos\\\/historia-un-trimotor-en-la-memoria-lazaro-cardenas-y-sus-visitas-a-quintana-roo\\\/#primaryimage\"},\"thumbnailUrl\":\"https:\\\/\\\/grupopiramide.com.mx\\\/vertice\\\/wp-content\\\/uploads\\\/2022\\\/04\\\/img20220331_13240118-scaled.jpg\",\"keywords\":[\"David Anuar\",\"Expedici\u00f3n Cient\u00edfica Exploradora Mexicana\",\"Francisco J. M\u00fagica\",\"L\u00e1zaro C\u00e1rdenas del R\u00edo\"],\"articleSection\":[\"Art\u00edculo\",\"Rese\u00f1a\"],\"inLanguage\":\"es\",\"potentialAction\":[{\"@type\":\"CommentAction\",\"name\":\"Comment\",\"target\":[\"https:\\\/\\\/grupopiramide.com.mx\\\/vertice\\\/literatura\\\/articulos\\\/historia-un-trimotor-en-la-memoria-lazaro-cardenas-y-sus-visitas-a-quintana-roo\\\/#respond\"]}]},{\"@type\":\"WebPage\",\"@id\":\"https:\\\/\\\/grupopiramide.com.mx\\\/vertice\\\/literatura\\\/articulos\\\/historia-un-trimotor-en-la-memoria-lazaro-cardenas-y-sus-visitas-a-quintana-roo\\\/\",\"url\":\"https:\\\/\\\/grupopiramide.com.mx\\\/vertice\\\/literatura\\\/articulos\\\/historia-un-trimotor-en-la-memoria-lazaro-cardenas-y-sus-visitas-a-quintana-roo\\\/\",\"name\":\"Historia | Un trimotor en la memoria: L\u00e1zaro C\u00e1rdenas y sus visitas a Quintana Roo - V\u00e9rtice\",\"isPartOf\":{\"@id\":\"https:\\\/\\\/grupopiramide.com.mx\\\/vertice\\\/#website\"},\"primaryImageOfPage\":{\"@id\":\"https:\\\/\\\/grupopiramide.com.mx\\\/vertice\\\/literatura\\\/articulos\\\/historia-un-trimotor-en-la-memoria-lazaro-cardenas-y-sus-visitas-a-quintana-roo\\\/#primaryimage\"},\"image\":{\"@id\":\"https:\\\/\\\/grupopiramide.com.mx\\\/vertice\\\/literatura\\\/articulos\\\/historia-un-trimotor-en-la-memoria-lazaro-cardenas-y-sus-visitas-a-quintana-roo\\\/#primaryimage\"},\"thumbnailUrl\":\"https:\\\/\\\/grupopiramide.com.mx\\\/vertice\\\/wp-content\\\/uploads\\\/2022\\\/04\\\/img20220331_13240118-scaled.jpg\",\"datePublished\":\"2022-04-03T13:00:06+00:00\",\"description\":\"Historia | Un trimotor en la memoria: L\u00e1zaro C\u00e1rdenas y sus visitas a Quintana Roo, rese\u00f1a del escritor David Anuar.\",\"breadcrumb\":{\"@id\":\"https:\\\/\\\/grupopiramide.com.mx\\\/vertice\\\/literatura\\\/articulos\\\/historia-un-trimotor-en-la-memoria-lazaro-cardenas-y-sus-visitas-a-quintana-roo\\\/#breadcrumb\"},\"inLanguage\":\"es\",\"potentialAction\":[{\"@type\":\"ReadAction\",\"target\":[\"https:\\\/\\\/grupopiramide.com.mx\\\/vertice\\\/literatura\\\/articulos\\\/historia-un-trimotor-en-la-memoria-lazaro-cardenas-y-sus-visitas-a-quintana-roo\\\/\"]}]},{\"@type\":\"ImageObject\",\"inLanguage\":\"es\",\"@id\":\"https:\\\/\\\/grupopiramide.com.mx\\\/vertice\\\/literatura\\\/articulos\\\/historia-un-trimotor-en-la-memoria-lazaro-cardenas-y-sus-visitas-a-quintana-roo\\\/#primaryimage\",\"url\":\"https:\\\/\\\/grupopiramide.com.mx\\\/vertice\\\/wp-content\\\/uploads\\\/2022\\\/04\\\/img20220331_13240118-scaled.jpg\",\"contentUrl\":\"https:\\\/\\\/grupopiramide.com.mx\\\/vertice\\\/wp-content\\\/uploads\\\/2022\\\/04\\\/img20220331_13240118-scaled.jpg\",\"width\":2560,\"height\":1498,\"caption\":\"L\u00e1zaro C\u00e1rdenas en su accidentada primera visita a Quintana Roo.\"},{\"@type\":\"BreadcrumbList\",\"@id\":\"https:\\\/\\\/grupopiramide.com.mx\\\/vertice\\\/literatura\\\/articulos\\\/historia-un-trimotor-en-la-memoria-lazaro-cardenas-y-sus-visitas-a-quintana-roo\\\/#breadcrumb\",\"itemListElement\":[{\"@type\":\"ListItem\",\"position\":1,\"name\":\"Inicio\",\"item\":\"https:\\\/\\\/grupopiramide.com.mx\\\/vertice\\\/\"},{\"@type\":\"ListItem\",\"position\":2,\"name\":\"Historia | Un trimotor en la memoria: L\u00e1zaro C\u00e1rdenas y sus visitas a Quintana Roo\"}]},{\"@type\":\"WebSite\",\"@id\":\"https:\\\/\\\/grupopiramide.com.mx\\\/vertice\\\/#website\",\"url\":\"https:\\\/\\\/grupopiramide.com.mx\\\/vertice\\\/\",\"name\":\"V\u00e9rtice\",\"description\":\"Letras de Grupo Pir\u00e1mide\",\"publisher\":{\"@id\":\"https:\\\/\\\/grupopiramide.com.mx\\\/vertice\\\/#organization\"},\"potentialAction\":[{\"@type\":\"SearchAction\",\"target\":{\"@type\":\"EntryPoint\",\"urlTemplate\":\"https:\\\/\\\/grupopiramide.com.mx\\\/vertice\\\/?s={search_term_string}\"},\"query-input\":{\"@type\":\"PropertyValueSpecification\",\"valueRequired\":true,\"valueName\":\"search_term_string\"}}],\"inLanguage\":\"es\"},{\"@type\":\"Organization\",\"@id\":\"https:\\\/\\\/grupopiramide.com.mx\\\/vertice\\\/#organization\",\"name\":\"Grupo Pir\u00e1mide\",\"url\":\"https:\\\/\\\/grupopiramide.com.mx\\\/vertice\\\/\",\"logo\":{\"@type\":\"ImageObject\",\"inLanguage\":\"es\",\"@id\":\"https:\\\/\\\/grupopiramide.com.mx\\\/vertice\\\/#\\\/schema\\\/logo\\\/image\\\/\",\"url\":\"https:\\\/\\\/grupopiramide.com.mx\\\/vertice\\\/wp-content\\\/uploads\\\/2021\\\/01\\\/black_logo_piramide.jpg\",\"contentUrl\":\"https:\\\/\\\/grupopiramide.com.mx\\\/vertice\\\/wp-content\\\/uploads\\\/2021\\\/01\\\/black_logo_piramide.jpg\",\"width\":834,\"height\":834,\"caption\":\"Grupo Pir\u00e1mide\"},\"image\":{\"@id\":\"https:\\\/\\\/grupopiramide.com.mx\\\/vertice\\\/#\\\/schema\\\/logo\\\/image\\\/\"},\"sameAs\":[\"https:\\\/\\\/www.facebook.com\\\/PiramideQuintanaRoo\\\/\",\"https:\\\/\\\/x.com\\\/PiramideQroo\"]},{\"@type\":\"Person\",\"@id\":\"https:\\\/\\\/grupopiramide.com.mx\\\/vertice\\\/#\\\/schema\\\/person\\\/ed6b1459ef4f702018b45fad871b53e3\",\"name\":\"Luciano N\u00fa\u00f1ez\",\"image\":{\"@type\":\"ImageObject\",\"inLanguage\":\"es\",\"@id\":\"https:\\\/\\\/secure.gravatar.com\\\/avatar\\\/725dd8dbaec56a5f02c0b1a168b740c39f88a679bcad3481463a87b6f4e8716e?s=96&d=mm&r=g\",\"url\":\"https:\\\/\\\/secure.gravatar.com\\\/avatar\\\/725dd8dbaec56a5f02c0b1a168b740c39f88a679bcad3481463a87b6f4e8716e?s=96&d=mm&r=g\",\"contentUrl\":\"https:\\\/\\\/secure.gravatar.com\\\/avatar\\\/725dd8dbaec56a5f02c0b1a168b740c39f88a679bcad3481463a87b6f4e8716e?s=96&d=mm&r=g\",\"caption\":\"Luciano N\u00fa\u00f1ez\"}}]}<\/script>\n<!-- \/ Yoast SEO plugin. -->","yoast_head_json":{"title":"Historia | Un trimotor en la memoria: L\u00e1zaro C\u00e1rdenas y sus visitas a Quintana Roo - V\u00e9rtice","description":"Historia | Un trimotor en la memoria: L\u00e1zaro C\u00e1rdenas y sus visitas a Quintana Roo, rese\u00f1a del escritor David Anuar.","robots":{"index":"index","follow":"follow","max-snippet":"max-snippet:-1","max-image-preview":"max-image-preview:large","max-video-preview":"max-video-preview:-1"},"canonical":"https:\/\/grupopiramide.com.mx\/vertice\/literatura\/articulos\/historia-un-trimotor-en-la-memoria-lazaro-cardenas-y-sus-visitas-a-quintana-roo\/","og_locale":"es_MX","og_type":"article","og_title":"Historia | Un trimotor en la memoria: L\u00e1zaro C\u00e1rdenas y sus visitas a Quintana Roo - V\u00e9rtice","og_description":"Historia | Un trimotor en la memoria: L\u00e1zaro C\u00e1rdenas y sus visitas a Quintana Roo, rese\u00f1a del escritor David Anuar.","og_url":"https:\/\/grupopiramide.com.mx\/vertice\/literatura\/articulos\/historia-un-trimotor-en-la-memoria-lazaro-cardenas-y-sus-visitas-a-quintana-roo\/","og_site_name":"V\u00e9rtice","article_publisher":"https:\/\/www.facebook.com\/PiramideQuintanaRoo\/","article_published_time":"2022-04-03T13:00:06+00:00","og_image":[{"width":2560,"height":1498,"url":"https:\/\/grupopiramide.com.mx\/vertice\/wp-content\/uploads\/2022\/04\/img20220331_13240118-scaled.jpg","type":"image\/jpeg"}],"author":"Luciano N\u00fa\u00f1ez","twitter_card":"summary_large_image","twitter_creator":"@PiramideQroo","twitter_site":"@PiramideQroo","twitter_misc":{"Escrito por":"Luciano N\u00fa\u00f1ez","Tiempo de lectura":"11 minutos"},"schema":{"@context":"https:\/\/schema.org","@graph":[{"@type":"Article","@id":"https:\/\/grupopiramide.com.mx\/vertice\/literatura\/articulos\/historia-un-trimotor-en-la-memoria-lazaro-cardenas-y-sus-visitas-a-quintana-roo\/#article","isPartOf":{"@id":"https:\/\/grupopiramide.com.mx\/vertice\/literatura\/articulos\/historia-un-trimotor-en-la-memoria-lazaro-cardenas-y-sus-visitas-a-quintana-roo\/"},"author":{"name":"Luciano N\u00fa\u00f1ez","@id":"https:\/\/grupopiramide.com.mx\/vertice\/#\/schema\/person\/ed6b1459ef4f702018b45fad871b53e3"},"headline":"Historia | Un trimotor en la memoria: L\u00e1zaro C\u00e1rdenas y sus visitas a Quintana Roo","datePublished":"2022-04-03T13:00:06+00:00","mainEntityOfPage":{"@id":"https:\/\/grupopiramide.com.mx\/vertice\/literatura\/articulos\/historia-un-trimotor-en-la-memoria-lazaro-cardenas-y-sus-visitas-a-quintana-roo\/"},"wordCount":2350,"commentCount":0,"publisher":{"@id":"https:\/\/grupopiramide.com.mx\/vertice\/#organization"},"image":{"@id":"https:\/\/grupopiramide.com.mx\/vertice\/literatura\/articulos\/historia-un-trimotor-en-la-memoria-lazaro-cardenas-y-sus-visitas-a-quintana-roo\/#primaryimage"},"thumbnailUrl":"https:\/\/grupopiramide.com.mx\/vertice\/wp-content\/uploads\/2022\/04\/img20220331_13240118-scaled.jpg","keywords":["David Anuar","Expedici\u00f3n Cient\u00edfica Exploradora Mexicana","Francisco J. M\u00fagica","L\u00e1zaro C\u00e1rdenas del R\u00edo"],"articleSection":["Art\u00edculo","Rese\u00f1a"],"inLanguage":"es","potentialAction":[{"@type":"CommentAction","name":"Comment","target":["https:\/\/grupopiramide.com.mx\/vertice\/literatura\/articulos\/historia-un-trimotor-en-la-memoria-lazaro-cardenas-y-sus-visitas-a-quintana-roo\/#respond"]}]},{"@type":"WebPage","@id":"https:\/\/grupopiramide.com.mx\/vertice\/literatura\/articulos\/historia-un-trimotor-en-la-memoria-lazaro-cardenas-y-sus-visitas-a-quintana-roo\/","url":"https:\/\/grupopiramide.com.mx\/vertice\/literatura\/articulos\/historia-un-trimotor-en-la-memoria-lazaro-cardenas-y-sus-visitas-a-quintana-roo\/","name":"Historia | Un trimotor en la memoria: L\u00e1zaro C\u00e1rdenas y sus visitas a Quintana Roo - V\u00e9rtice","isPartOf":{"@id":"https:\/\/grupopiramide.com.mx\/vertice\/#website"},"primaryImageOfPage":{"@id":"https:\/\/grupopiramide.com.mx\/vertice\/literatura\/articulos\/historia-un-trimotor-en-la-memoria-lazaro-cardenas-y-sus-visitas-a-quintana-roo\/#primaryimage"},"image":{"@id":"https:\/\/grupopiramide.com.mx\/vertice\/literatura\/articulos\/historia-un-trimotor-en-la-memoria-lazaro-cardenas-y-sus-visitas-a-quintana-roo\/#primaryimage"},"thumbnailUrl":"https:\/\/grupopiramide.com.mx\/vertice\/wp-content\/uploads\/2022\/04\/img20220331_13240118-scaled.jpg","datePublished":"2022-04-03T13:00:06+00:00","description":"Historia | Un trimotor en la memoria: L\u00e1zaro C\u00e1rdenas y sus visitas a Quintana Roo, rese\u00f1a del escritor David Anuar.","breadcrumb":{"@id":"https:\/\/grupopiramide.com.mx\/vertice\/literatura\/articulos\/historia-un-trimotor-en-la-memoria-lazaro-cardenas-y-sus-visitas-a-quintana-roo\/#breadcrumb"},"inLanguage":"es","potentialAction":[{"@type":"ReadAction","target":["https:\/\/grupopiramide.com.mx\/vertice\/literatura\/articulos\/historia-un-trimotor-en-la-memoria-lazaro-cardenas-y-sus-visitas-a-quintana-roo\/"]}]},{"@type":"ImageObject","inLanguage":"es","@id":"https:\/\/grupopiramide.com.mx\/vertice\/literatura\/articulos\/historia-un-trimotor-en-la-memoria-lazaro-cardenas-y-sus-visitas-a-quintana-roo\/#primaryimage","url":"https:\/\/grupopiramide.com.mx\/vertice\/wp-content\/uploads\/2022\/04\/img20220331_13240118-scaled.jpg","contentUrl":"https:\/\/grupopiramide.com.mx\/vertice\/wp-content\/uploads\/2022\/04\/img20220331_13240118-scaled.jpg","width":2560,"height":1498,"caption":"L\u00e1zaro C\u00e1rdenas en su accidentada primera visita a Quintana Roo."},{"@type":"BreadcrumbList","@id":"https:\/\/grupopiramide.com.mx\/vertice\/literatura\/articulos\/historia-un-trimotor-en-la-memoria-lazaro-cardenas-y-sus-visitas-a-quintana-roo\/#breadcrumb","itemListElement":[{"@type":"ListItem","position":1,"name":"Inicio","item":"https:\/\/grupopiramide.com.mx\/vertice\/"},{"@type":"ListItem","position":2,"name":"Historia | Un trimotor en la memoria: L\u00e1zaro C\u00e1rdenas y sus visitas a Quintana Roo"}]},{"@type":"WebSite","@id":"https:\/\/grupopiramide.com.mx\/vertice\/#website","url":"https:\/\/grupopiramide.com.mx\/vertice\/","name":"V\u00e9rtice","description":"Letras de Grupo Pir\u00e1mide","publisher":{"@id":"https:\/\/grupopiramide.com.mx\/vertice\/#organization"},"potentialAction":[{"@type":"SearchAction","target":{"@type":"EntryPoint","urlTemplate":"https:\/\/grupopiramide.com.mx\/vertice\/?s={search_term_string}"},"query-input":{"@type":"PropertyValueSpecification","valueRequired":true,"valueName":"search_term_string"}}],"inLanguage":"es"},{"@type":"Organization","@id":"https:\/\/grupopiramide.com.mx\/vertice\/#organization","name":"Grupo Pir\u00e1mide","url":"https:\/\/grupopiramide.com.mx\/vertice\/","logo":{"@type":"ImageObject","inLanguage":"es","@id":"https:\/\/grupopiramide.com.mx\/vertice\/#\/schema\/logo\/image\/","url":"https:\/\/grupopiramide.com.mx\/vertice\/wp-content\/uploads\/2021\/01\/black_logo_piramide.jpg","contentUrl":"https:\/\/grupopiramide.com.mx\/vertice\/wp-content\/uploads\/2021\/01\/black_logo_piramide.jpg","width":834,"height":834,"caption":"Grupo Pir\u00e1mide"},"image":{"@id":"https:\/\/grupopiramide.com.mx\/vertice\/#\/schema\/logo\/image\/"},"sameAs":["https:\/\/www.facebook.com\/PiramideQuintanaRoo\/","https:\/\/x.com\/PiramideQroo"]},{"@type":"Person","@id":"https:\/\/grupopiramide.com.mx\/vertice\/#\/schema\/person\/ed6b1459ef4f702018b45fad871b53e3","name":"Luciano N\u00fa\u00f1ez","image":{"@type":"ImageObject","inLanguage":"es","@id":"https:\/\/secure.gravatar.com\/avatar\/725dd8dbaec56a5f02c0b1a168b740c39f88a679bcad3481463a87b6f4e8716e?s=96&d=mm&r=g","url":"https:\/\/secure.gravatar.com\/avatar\/725dd8dbaec56a5f02c0b1a168b740c39f88a679bcad3481463a87b6f4e8716e?s=96&d=mm&r=g","contentUrl":"https:\/\/secure.gravatar.com\/avatar\/725dd8dbaec56a5f02c0b1a168b740c39f88a679bcad3481463a87b6f4e8716e?s=96&d=mm&r=g","caption":"Luciano N\u00fa\u00f1ez"}}]}},"_links":{"self":[{"href":"https:\/\/grupopiramide.com.mx\/vertice\/wp-json\/wp\/v2\/posts\/1859","targetHints":{"allow":["GET"]}}],"collection":[{"href":"https:\/\/grupopiramide.com.mx\/vertice\/wp-json\/wp\/v2\/posts"}],"about":[{"href":"https:\/\/grupopiramide.com.mx\/vertice\/wp-json\/wp\/v2\/types\/post"}],"author":[{"embeddable":true,"href":"https:\/\/grupopiramide.com.mx\/vertice\/wp-json\/wp\/v2\/users\/2"}],"replies":[{"embeddable":true,"href":"https:\/\/grupopiramide.com.mx\/vertice\/wp-json\/wp\/v2\/comments?post=1859"}],"version-history":[{"count":2,"href":"https:\/\/grupopiramide.com.mx\/vertice\/wp-json\/wp\/v2\/posts\/1859\/revisions"}],"predecessor-version":[{"id":1862,"href":"https:\/\/grupopiramide.com.mx\/vertice\/wp-json\/wp\/v2\/posts\/1859\/revisions\/1862"}],"wp:featuredmedia":[{"embeddable":true,"href":"https:\/\/grupopiramide.com.mx\/vertice\/wp-json\/wp\/v2\/media\/1860"}],"wp:attachment":[{"href":"https:\/\/grupopiramide.com.mx\/vertice\/wp-json\/wp\/v2\/media?parent=1859"}],"wp:term":[{"taxonomy":"category","embeddable":true,"href":"https:\/\/grupopiramide.com.mx\/vertice\/wp-json\/wp\/v2\/categories?post=1859"},{"taxonomy":"post_tag","embeddable":true,"href":"https:\/\/grupopiramide.com.mx\/vertice\/wp-json\/wp\/v2\/tags?post=1859"}],"curies":[{"name":"wp","href":"https:\/\/api.w.org\/{rel}","templated":true}]}}